{"id":991,"date":"2024-08-16T10:52:27","date_gmt":"2024-08-16T07:52:27","guid":{"rendered":"https:\/\/www.tapahtumatehdasvakava.fi\/?p=991"},"modified":"2025-03-25T13:19:40","modified_gmt":"2025-03-25T11:19:40","slug":"mita-tehda-tykypaivana-osa-2","status":"publish","type":"post","link":"https:\/\/www.tapahtumatehdasvakava.fi\/?p=991","title":{"rendered":"Mit\u00e4 tehd\u00e4 tykyp\u00e4iv\u00e4n\u00e4? Osa 2"},"content":{"rendered":"\n<p>Mit\u00e4 tehd\u00e4 tykyp\u00e4iv\u00e4n\u00e4?<\/p>\n\n\n\n<p>Onko kysymys teid\u00e4n organisaatiossanne enemm\u00e4n ahdistava (taas pit\u00e4isi keksi\u00e4 jotain) vai innostava (vihdoin saamme keksi\u00e4 jotain)?<\/p>\n\n\n\n<p>Veikkaan, ett\u00e4 monelle kysymys on enemm\u00e4n ahdistava. V\u00e4ltt\u00e4m\u00e4t\u00f6n paha, aina pit\u00e4isi olla jotain uutta, ja osalle ei kuitenkaan kelpaa se, mit\u00e4 j\u00e4rjestet\u00e4\u00e4n. Tykyp\u00e4iv\u00e4 vie arvokasta ty\u00f6aikaa kaikilta ja pelkk\u00e4 suunnittelu ja j\u00e4rjest\u00e4minenkin monelta.<\/p>\n\n\n\n<p>Voisiko asia olla toisin?<\/p>\n\n\n<style>.wp-block-kadence-spacer.kt-block-spacer-991_e85f51-54 .kt-block-spacer{height:40px;}.wp-block-kadence-spacer.kt-block-spacer-991_e85f51-54 .kt-divider{border-top-width:1px;height:1px;border-top-color:#eee;width:80%;border-top-style:solid;}<\/style>\n<div class=\"wp-block-kadence-spacer aligncenter kt-block-spacer-991_e85f51-54\"><div class=\"kt-block-spacer kt-block-spacer-halign-center\"><hr class=\"kt-divider\"\/><\/div><\/div>\n\n\n\n<h2 class=\"wp-block-heading\">tee itse vai ulkoista?<\/h2>\n\n\n\n<p>Tapahtumatehdas Vakava j\u00e4rjest\u00e4\u00e4 yrityksellenne tykyp\u00e4iv\u00e4n, joka sis\u00e4lt\u00e4\u00e4 jotain, mit\u00e4 ette ole aiemmin tehneet. J\u00e4t\u00e4 miettiminen meille.<\/p>\n\n\n\n<p>Vakava j\u00e4rjest\u00e4\u00e4 tykyp\u00e4iv\u00e4n, jolla on my\u00f6s tavoite. Tavoite voi olla edist\u00e4\u00e4 esimerkiksi ty\u00f6ntekij\u00f6iden henkist\u00e4, sosiaalista tai fyysist\u00e4 hyvinvointia.<\/p>\n\n\n\n<p>Hyvinvointia edist\u00e4v\u00e4 tykyp\u00e4iv\u00e4 on sijoitus, sill\u00e4 hyvinvoiva ty\u00f6ntekij\u00e4 on sitoutuneempi, motivoituneempi, tehokkaampi ja terveempi. Siis, jos tykyp\u00e4iv\u00e4 viekin yhden tai puolikkaan ty\u00f6p\u00e4iv\u00e4n arvokasta ty\u00f6aikaa, se voi my\u00f6s tuoda s\u00e4\u00e4st\u00f6j\u00e4 esimerkiksi v\u00e4hentynein\u00e4 poissaoloina. J\u00e4t\u00e4 tavoitteita edist\u00e4v\u00e4n sis\u00e4ll\u00f6n suunnittelu meille.<\/p>\n\n\n\n<p>Vakava j\u00e4rjest\u00e4\u00e4 halutessanne tykyp\u00e4iv\u00e4n, jossa on vaihtoehtoisia aktiviteetteja. Ihmiset ovat erilaisia ja haluavat tehd\u00e4 erilaisia asioita, joten tarjotaan heille mahdollisuus valita. J\u00e4t\u00e4 vaihtoehtojen miettiminen meille.<\/p>\n\n\n\n<p>Vakava suunnittelee ja j\u00e4rjest\u00e4\u00e4 tykyp\u00e4iv\u00e4nne, jolloin suunnittelu ja j\u00e4rjest\u00e4minen eiv\u00e4t vie ty\u00f6ntekij\u00f6idenne ty\u00f6aikaa. J\u00e4t\u00e4 se meille.<\/p>\n\n\n<style>.wp-block-kadence-spacer.kt-block-spacer-991_5a79ff-17 .kt-block-spacer{height:40px;}.wp-block-kadence-spacer.kt-block-spacer-991_5a79ff-17 .kt-divider{border-top-width:1px;height:1px;border-top-color:#eee;width:80%;border-top-style:solid;}<\/style>\n<div class=\"wp-block-kadence-spacer aligncenter kt-block-spacer-991_5a79ff-17\"><div class=\"kt-block-spacer kt-block-spacer-halign-center\"><hr class=\"kt-divider\"\/><\/div><\/div>\n\n\n\n<h2 class=\"wp-block-heading\">pitk\u00e4n aikav\u00e4lin suunnitelma s\u00e4\u00e4st\u00e4\u00e4 aikaa<\/h2>\n\n\n\n<p>Jotta samaa \u201dmit\u00e4 tehd\u00e4 tykyp\u00e4iv\u00e4n\u00e4?\u201d -kysymyst\u00e4 ei tarvitse esitt\u00e4\u00e4 jatkuvasti, jopa useamman kerran vuodessa, niin anna Vakavan suunnitella teille valmis, esimerkiksi nelj\u00e4n toisiaan t\u00e4ydent\u00e4v\u00e4n tykyp\u00e4iv\u00e4n sarja.<\/p>\n\n\n\n<p>Ensimm\u00e4isen\u00e4 p\u00e4iv\u00e4n\u00e4 keskitymme esimerkiksi niska-hartiaseudun vaivojen ennaltaehk\u00e4isyyn ja hoitamiseen. Eli edist\u00e4mme ty\u00f6ntekij\u00f6idesi fyysist\u00e4 hyvinvointia.<\/p>\n\n\n\n<p>Sarjan toisena tykyp\u00e4iv\u00e4n\u00e4 autamme ty\u00f6ntekij\u00f6it\u00e4si huolehtimaan omasta jaksamisestaan. Suunnittelemme sis\u00e4ll\u00f6n, joka edist\u00e4\u00e4 ja yll\u00e4pit\u00e4\u00e4 ty\u00f6ntekij\u00f6idesi mielen hyvinvointia.<\/p>\n\n\n\n<p>Sarjan kolmantena tykyp\u00e4iv\u00e4n\u00e4 panemme porukan puhaltamaan yhteen hiileen, tekem\u00e4\u00e4n jotain, joka vahvistaa ty\u00f6porukan keskin\u00e4isi\u00e4 suhteita, luottamusta ja sitoutumista.<\/p>\n\n\n\n<p>Nelj\u00e4n tykyp\u00e4iv\u00e4n sarjan viimeiseksi j\u00e4rjest\u00e4mme teille yll\u00e4tysten p\u00e4iv\u00e4n, jonka sis\u00e4lt\u00f6 selvi\u00e4\u00e4 kaikille vasta paikan p\u00e4\u00e4ll\u00e4.<\/p>\n\n\n\n<p>\u00c4l\u00e4 siis tuhlaa omaa tai ty\u00f6ntekij\u00f6idesi aikaa monta kertaa vuodessa pelkk\u00e4\u00e4n tykyp\u00e4ivien suunnitteluun, vaan anna Vakavan j\u00e4rjest\u00e4\u00e4 mietitty ja tavoitteellinen kokonaisuus.<\/p>\n\n\n\n<p>\u201dMit\u00e4 tehd\u00e4 tykyp\u00e4iv\u00e4n\u00e4?\u201d voi muuttua muotoon \u201dmit\u00e4 saamme tehd\u00e4 tykyp\u00e4iv\u00e4n\u00e4?\u201d<\/p>\n\n\n\n<p><\/p>\n\n\n\n<p>Lue ensimm\u00e4inen osa <a href=\"https:\/\/www.tapahtumatehdasvakava.fi\/?p=824\">t\u00e4\u00e4lt\u00e4<\/a>.<\/p>\n","protected":false},"excerpt":{"rendered":"<p>Mit\u00e4 tehd\u00e4 tykyp\u00e4iv\u00e4n\u00e4? Onko kysymys teid\u00e4n organisaatiossanne enemm\u00e4n ahdistava (taas pit\u00e4isi keksi\u00e4 jotain) vai innostava (vihdoin saamme keksi\u00e4 jotain)? Veikkaan, ett\u00e4 monelle kysymys on enemm\u00e4n ahdistava. V\u00e4ltt\u00e4m\u00e4t\u00f6n paha, aina pit\u00e4isi olla jotain uutta, ja osalle ei kuitenkaan kelpaa se, mit\u00e4 j\u00e4rjestet\u00e4\u00e4n. Tykyp\u00e4iv\u00e4 vie arvokasta ty\u00f6aikaa kaikilta ja pelkk\u00e4 suunnittelu ja j\u00e4rjest\u00e4minenkin monelta. Voisiko asia olla&#8230;<\/p>\n","protected":false},"author":1,"featured_media":0,"comment_status":"open","ping_status":"open","sticky":false,"template":"","format":"standard","meta":{"_kadence_starter_templates_imported_post":false,"_kad_post_transparent":"","_kad_post_title":"","_kad_post_layout":"","_kad_post_sidebar_id":"","_kad_post_content_style":"","_kad_post_vertical_padding":"","_kad_post_feature":"","_kad_post_feature_position":"","_kad_post_header":false,"_kad_post_footer":false,"_kad_post_classname":"","iawp_total_views":9,"footnotes":""},"categories":[5],"tags":[15,7,8,9],"class_list":["post-991","post","type-post","status-publish","format-standard","hentry","category-virkistyspaivat","tag-henkilostotapahtuma","tag-tyhypaiva","tag-tykypaiva","tag-virkistyspaiva"],"yoast_head":"<!-- This site is optimized with the Yoast SEO plugin v27.4 - https:\/\/yoast.com\/product\/yoast-seo-wordpress\/ -->\n<title>Mit\u00e4 tehd\u00e4 tykyp\u00e4iv\u00e4n\u00e4? Osa 2 - Tapahtumatehdas Vakava<\/title>\n<meta name=\"description\" content=\"Aiheuttaako tykyp\u00e4iv\u00e4n suunnittelu stressi\u00e4 ja ahdistusta? Viek\u00f6 j\u00e4rjest\u00e4minen ja organisointi liikaa aikaa? Meill\u00e4 on ratkaisu ongelmaasi!\" \/>\n<meta name=\"robots\" content=\"index, follow, max-snippet:-1, max-image-preview:large, max-video-preview:-1\" \/>\n<link rel=\"canonical\" href=\"https:\/\/www.tapahtumatehdasvakava.fi\/?p=991\" \/>\n<meta property=\"og:locale\" content=\"fi_FI\" \/>\n<meta property=\"og:type\" content=\"article\" \/>\n<meta property=\"og:title\" content=\"Mit\u00e4 tehd\u00e4 tykyp\u00e4iv\u00e4n\u00e4?\" \/>\n<meta property=\"og:description\" content=\"Aiheuttaako tykyp\u00e4iv\u00e4n suunnittelu stressi\u00e4 ja ahdistusta? Viek\u00f6 j\u00e4rjest\u00e4minen ja organisointi liikaa aikaa? Meill\u00e4 on ratkaisu ongelmaasi!\" \/>\n<meta property=\"og:url\" content=\"https:\/\/www.tapahtumatehdasvakava.fi\/?p=991\" \/>\n<meta property=\"og:site_name\" content=\"Tapahtumatehdas Vakava\" \/>\n<meta property=\"article:publisher\" content=\"https:\/\/www.facebook.com\/profile.php?id=61559919908215\" \/>\n<meta property=\"article:published_time\" content=\"2024-08-16T07:52:27+00:00\" \/>\n<meta property=\"article:modified_time\" content=\"2025-03-25T11:19:40+00:00\" \/>\n<meta property=\"og:image\" content=\"https:\/\/www.tapahtumatehdasvakava.fi\/wp-content\/uploads\/2024\/08\/tuoksut_IMG_1523-scaled.jpg\" \/>\n\t<meta property=\"og:image:width\" content=\"1709\" \/>\n\t<meta property=\"og:image:height\" content=\"2560\" \/>\n\t<meta property=\"og:image:type\" content=\"image\/jpeg\" \/>\n<meta name=\"author\" content=\"Vakava\" \/>\n<meta name=\"twitter:card\" content=\"summary_large_image\" \/>\n<meta name=\"twitter:label1\" content=\"Kirjoittanut\" \/>\n\t<meta name=\"twitter:data1\" content=\"Vakava\" \/>\n\t<meta name=\"twitter:label2\" content=\"Arvioitu lukuaika\" \/>\n\t<meta name=\"twitter:data2\" content=\"2 minuuttia\" \/>\n<script type=\"application\/ld+json\" class=\"yoast-schema-graph\">{\"@context\":\"https:\\\/\\\/schema.org\",\"@graph\":[{\"@type\":\"Article\",\"@id\":\"https:\\\/\\\/www.tapahtumatehdasvakava.fi\\\/?p=991#article\",\"isPartOf\":{\"@id\":\"https:\\\/\\\/www.tapahtumatehdasvakava.fi\\\/?p=991\"},\"author\":{\"name\":\"Vakava\",\"@id\":\"https:\\\/\\\/www.tapahtumatehdasvakava.fi\\\/#\\\/schema\\\/person\\\/52df2e67d0533904a1f22765db3a400d\"},\"headline\":\"Mit\u00e4 tehd\u00e4 tykyp\u00e4iv\u00e4n\u00e4? Osa 2\",\"datePublished\":\"2024-08-16T07:52:27+00:00\",\"dateModified\":\"2025-03-25T11:19:40+00:00\",\"mainEntityOfPage\":{\"@id\":\"https:\\\/\\\/www.tapahtumatehdasvakava.fi\\\/?p=991\"},\"wordCount\":422,\"commentCount\":0,\"publisher\":{\"@id\":\"https:\\\/\\\/www.tapahtumatehdasvakava.fi\\\/#organization\"},\"keywords\":[\"Henkil\u00f6st\u00f6tapahtuma\",\"Tyhyp\u00e4iv\u00e4\",\"Tykyp\u00e4iv\u00e4\",\"Virkistysp\u00e4iv\u00e4\"],\"articleSection\":[\"Virkistysp\u00e4iv\u00e4t\"],\"inLanguage\":\"fi\",\"potentialAction\":[{\"@type\":\"CommentAction\",\"name\":\"Comment\",\"target\":[\"https:\\\/\\\/www.tapahtumatehdasvakava.fi\\\/?p=991#respond\"]}]},{\"@type\":\"WebPage\",\"@id\":\"https:\\\/\\\/www.tapahtumatehdasvakava.fi\\\/?p=991\",\"url\":\"https:\\\/\\\/www.tapahtumatehdasvakava.fi\\\/?p=991\",\"name\":\"Mit\u00e4 tehd\u00e4 tykyp\u00e4iv\u00e4n\u00e4? Osa 2 - Tapahtumatehdas Vakava\",\"isPartOf\":{\"@id\":\"https:\\\/\\\/www.tapahtumatehdasvakava.fi\\\/#website\"},\"datePublished\":\"2024-08-16T07:52:27+00:00\",\"dateModified\":\"2025-03-25T11:19:40+00:00\",\"description\":\"Aiheuttaako tykyp\u00e4iv\u00e4n suunnittelu stressi\u00e4 ja ahdistusta? Viek\u00f6 j\u00e4rjest\u00e4minen ja organisointi liikaa aikaa? Meill\u00e4 on ratkaisu ongelmaasi!\",\"breadcrumb\":{\"@id\":\"https:\\\/\\\/www.tapahtumatehdasvakava.fi\\\/?p=991#breadcrumb\"},\"inLanguage\":\"fi\",\"potentialAction\":[{\"@type\":\"ReadAction\",\"target\":[\"https:\\\/\\\/www.tapahtumatehdasvakava.fi\\\/?p=991\"]}]},{\"@type\":\"BreadcrumbList\",\"@id\":\"https:\\\/\\\/www.tapahtumatehdasvakava.fi\\\/?p=991#breadcrumb\",\"itemListElement\":[{\"@type\":\"ListItem\",\"position\":1,\"name\":\"Etusivu\",\"item\":\"https:\\\/\\\/www.tapahtumatehdasvakava.fi\\\/\"},{\"@type\":\"ListItem\",\"position\":2,\"name\":\"Mit\u00e4 tehd\u00e4 tykyp\u00e4iv\u00e4n\u00e4? Osa 2\"}]},{\"@type\":\"WebSite\",\"@id\":\"https:\\\/\\\/www.tapahtumatehdasvakava.fi\\\/#website\",\"url\":\"https:\\\/\\\/www.tapahtumatehdasvakava.fi\\\/\",\"name\":\"Tapahtumatehdas Vakava\",\"description\":\"Yritystapahtumat H&ouml;gforsin ruukkialueella Karkkilassa\",\"publisher\":{\"@id\":\"https:\\\/\\\/www.tapahtumatehdasvakava.fi\\\/#organization\"},\"potentialAction\":[{\"@type\":\"SearchAction\",\"target\":{\"@type\":\"EntryPoint\",\"urlTemplate\":\"https:\\\/\\\/www.tapahtumatehdasvakava.fi\\\/?s={search_term_string}\"},\"query-input\":{\"@type\":\"PropertyValueSpecification\",\"valueRequired\":true,\"valueName\":\"search_term_string\"}}],\"inLanguage\":\"fi\"},{\"@type\":\"Organization\",\"@id\":\"https:\\\/\\\/www.tapahtumatehdasvakava.fi\\\/#organization\",\"name\":\"Tapahtumatehdas Vakava\",\"url\":\"https:\\\/\\\/www.tapahtumatehdasvakava.fi\\\/\",\"logo\":{\"@type\":\"ImageObject\",\"inLanguage\":\"fi\",\"@id\":\"https:\\\/\\\/www.tapahtumatehdasvakava.fi\\\/#\\\/schema\\\/logo\\\/image\\\/\",\"url\":\"https:\\\/\\\/www.tapahtumatehdasvakava.fi\\\/wp-content\\\/uploads\\\/2024\\\/04\\\/Vakava-big-blk@2x.png\",\"contentUrl\":\"https:\\\/\\\/www.tapahtumatehdasvakava.fi\\\/wp-content\\\/uploads\\\/2024\\\/04\\\/Vakava-big-blk@2x.png\",\"width\":1090,\"height\":316,\"caption\":\"Tapahtumatehdas Vakava\"},\"image\":{\"@id\":\"https:\\\/\\\/www.tapahtumatehdasvakava.fi\\\/#\\\/schema\\\/logo\\\/image\\\/\"},\"sameAs\":[\"https:\\\/\\\/www.facebook.com\\\/profile.php?id=61559919908215\",\"https:\\\/\\\/www.instagram.com\\\/tapahtumatehdas_vakava\\\/\",\"https:\\\/\\\/www.linkedin.com\\\/company\\\/102408225\"]},{\"@type\":\"Person\",\"@id\":\"https:\\\/\\\/www.tapahtumatehdasvakava.fi\\\/#\\\/schema\\\/person\\\/52df2e67d0533904a1f22765db3a400d\",\"name\":\"Vakava\",\"image\":{\"@type\":\"ImageObject\",\"inLanguage\":\"fi\",\"@id\":\"https:\\\/\\\/secure.gravatar.com\\\/avatar\\\/62f1bfdd4ed31d24fe298f9332dcdee92d4c12c61905a01396ec64057d7fd8fd?s=96&d=mm&r=g\",\"url\":\"https:\\\/\\\/secure.gravatar.com\\\/avatar\\\/62f1bfdd4ed31d24fe298f9332dcdee92d4c12c61905a01396ec64057d7fd8fd?s=96&d=mm&r=g\",\"contentUrl\":\"https:\\\/\\\/secure.gravatar.com\\\/avatar\\\/62f1bfdd4ed31d24fe298f9332dcdee92d4c12c61905a01396ec64057d7fd8fd?s=96&d=mm&r=g\",\"caption\":\"Vakava\"},\"sameAs\":[\"http:\\\/\\\/www.tapahtumatehdasvakava.fi\"],\"url\":\"https:\\\/\\\/www.tapahtumatehdasvakava.fi\\\/?author=1\"}]}<\/script>\n<!-- \/ Yoast SEO plugin. -->","yoast_head_json":{"title":"Mit\u00e4 tehd\u00e4 tykyp\u00e4iv\u00e4n\u00e4? Osa 2 - Tapahtumatehdas Vakava","description":"Aiheuttaako tykyp\u00e4iv\u00e4n suunnittelu stressi\u00e4 ja ahdistusta? Viek\u00f6 j\u00e4rjest\u00e4minen ja organisointi liikaa aikaa? Meill\u00e4 on ratkaisu ongelmaasi!","robots":{"index":"index","follow":"follow","max-snippet":"max-snippet:-1","max-image-preview":"max-image-preview:large","max-video-preview":"max-video-preview:-1"},"canonical":"https:\/\/www.tapahtumatehdasvakava.fi\/?p=991","og_locale":"fi_FI","og_type":"article","og_title":"Mit\u00e4 tehd\u00e4 tykyp\u00e4iv\u00e4n\u00e4?","og_description":"Aiheuttaako tykyp\u00e4iv\u00e4n suunnittelu stressi\u00e4 ja ahdistusta? Viek\u00f6 j\u00e4rjest\u00e4minen ja organisointi liikaa aikaa? Meill\u00e4 on ratkaisu ongelmaasi!","og_url":"https:\/\/www.tapahtumatehdasvakava.fi\/?p=991","og_site_name":"Tapahtumatehdas Vakava","article_publisher":"https:\/\/www.facebook.com\/profile.php?id=61559919908215","article_published_time":"2024-08-16T07:52:27+00:00","article_modified_time":"2025-03-25T11:19:40+00:00","og_image":[{"width":1709,"height":2560,"url":"https:\/\/www.tapahtumatehdasvakava.fi\/wp-content\/uploads\/2024\/08\/tuoksut_IMG_1523-scaled.jpg","type":"image\/jpeg"}],"author":"Vakava","twitter_card":"summary_large_image","twitter_misc":{"Kirjoittanut":"Vakava","Arvioitu lukuaika":"2 minuuttia"},"schema":{"@context":"https:\/\/schema.org","@graph":[{"@type":"Article","@id":"https:\/\/www.tapahtumatehdasvakava.fi\/?p=991#article","isPartOf":{"@id":"https:\/\/www.tapahtumatehdasvakava.fi\/?p=991"},"author":{"name":"Vakava","@id":"https:\/\/www.tapahtumatehdasvakava.fi\/#\/schema\/person\/52df2e67d0533904a1f22765db3a400d"},"headline":"Mit\u00e4 tehd\u00e4 tykyp\u00e4iv\u00e4n\u00e4? Osa 2","datePublished":"2024-08-16T07:52:27+00:00","dateModified":"2025-03-25T11:19:40+00:00","mainEntityOfPage":{"@id":"https:\/\/www.tapahtumatehdasvakava.fi\/?p=991"},"wordCount":422,"commentCount":0,"publisher":{"@id":"https:\/\/www.tapahtumatehdasvakava.fi\/#organization"},"keywords":["Henkil\u00f6st\u00f6tapahtuma","Tyhyp\u00e4iv\u00e4","Tykyp\u00e4iv\u00e4","Virkistysp\u00e4iv\u00e4"],"articleSection":["Virkistysp\u00e4iv\u00e4t"],"inLanguage":"fi","potentialAction":[{"@type":"CommentAction","name":"Comment","target":["https:\/\/www.tapahtumatehdasvakava.fi\/?p=991#respond"]}]},{"@type":"WebPage","@id":"https:\/\/www.tapahtumatehdasvakava.fi\/?p=991","url":"https:\/\/www.tapahtumatehdasvakava.fi\/?p=991","name":"Mit\u00e4 tehd\u00e4 tykyp\u00e4iv\u00e4n\u00e4? Osa 2 - Tapahtumatehdas Vakava","isPartOf":{"@id":"https:\/\/www.tapahtumatehdasvakava.fi\/#website"},"datePublished":"2024-08-16T07:52:27+00:00","dateModified":"2025-03-25T11:19:40+00:00","description":"Aiheuttaako tykyp\u00e4iv\u00e4n suunnittelu stressi\u00e4 ja ahdistusta? Viek\u00f6 j\u00e4rjest\u00e4minen ja organisointi liikaa aikaa? Meill\u00e4 on ratkaisu ongelmaasi!","breadcrumb":{"@id":"https:\/\/www.tapahtumatehdasvakava.fi\/?p=991#breadcrumb"},"inLanguage":"fi","potentialAction":[{"@type":"ReadAction","target":["https:\/\/www.tapahtumatehdasvakava.fi\/?p=991"]}]},{"@type":"BreadcrumbList","@id":"https:\/\/www.tapahtumatehdasvakava.fi\/?p=991#breadcrumb","itemListElement":[{"@type":"ListItem","position":1,"name":"Etusivu","item":"https:\/\/www.tapahtumatehdasvakava.fi\/"},{"@type":"ListItem","position":2,"name":"Mit\u00e4 tehd\u00e4 tykyp\u00e4iv\u00e4n\u00e4? Osa 2"}]},{"@type":"WebSite","@id":"https:\/\/www.tapahtumatehdasvakava.fi\/#website","url":"https:\/\/www.tapahtumatehdasvakava.fi\/","name":"Tapahtumatehdas Vakava","description":"Yritystapahtumat H&ouml;gforsin ruukkialueella Karkkilassa","publisher":{"@id":"https:\/\/www.tapahtumatehdasvakava.fi\/#organization"},"potentialAction":[{"@type":"SearchAction","target":{"@type":"EntryPoint","urlTemplate":"https:\/\/www.tapahtumatehdasvakava.fi\/?s={search_term_string}"},"query-input":{"@type":"PropertyValueSpecification","valueRequired":true,"valueName":"search_term_string"}}],"inLanguage":"fi"},{"@type":"Organization","@id":"https:\/\/www.tapahtumatehdasvakava.fi\/#organization","name":"Tapahtumatehdas Vakava","url":"https:\/\/www.tapahtumatehdasvakava.fi\/","logo":{"@type":"ImageObject","inLanguage":"fi","@id":"https:\/\/www.tapahtumatehdasvakava.fi\/#\/schema\/logo\/image\/","url":"https:\/\/www.tapahtumatehdasvakava.fi\/wp-content\/uploads\/2024\/04\/Vakava-big-blk@2x.png","contentUrl":"https:\/\/www.tapahtumatehdasvakava.fi\/wp-content\/uploads\/2024\/04\/Vakava-big-blk@2x.png","width":1090,"height":316,"caption":"Tapahtumatehdas Vakava"},"image":{"@id":"https:\/\/www.tapahtumatehdasvakava.fi\/#\/schema\/logo\/image\/"},"sameAs":["https:\/\/www.facebook.com\/profile.php?id=61559919908215","https:\/\/www.instagram.com\/tapahtumatehdas_vakava\/","https:\/\/www.linkedin.com\/company\/102408225"]},{"@type":"Person","@id":"https:\/\/www.tapahtumatehdasvakava.fi\/#\/schema\/person\/52df2e67d0533904a1f22765db3a400d","name":"Vakava","image":{"@type":"ImageObject","inLanguage":"fi","@id":"https:\/\/secure.gravatar.com\/avatar\/62f1bfdd4ed31d24fe298f9332dcdee92d4c12c61905a01396ec64057d7fd8fd?s=96&d=mm&r=g","url":"https:\/\/secure.gravatar.com\/avatar\/62f1bfdd4ed31d24fe298f9332dcdee92d4c12c61905a01396ec64057d7fd8fd?s=96&d=mm&r=g","contentUrl":"https:\/\/secure.gravatar.com\/avatar\/62f1bfdd4ed31d24fe298f9332dcdee92d4c12c61905a01396ec64057d7fd8fd?s=96&d=mm&r=g","caption":"Vakava"},"sameAs":["http:\/\/www.tapahtumatehdasvakava.fi"],"url":"https:\/\/www.tapahtumatehdasvakava.fi\/?author=1"}]}},"_links":{"self":[{"href":"https:\/\/www.tapahtumatehdasvakava.fi\/index.php?rest_route=\/wp\/v2\/posts\/991","targetHints":{"allow":["GET"]}}],"collection":[{"href":"https:\/\/www.tapahtumatehdasvakava.fi\/index.php?rest_route=\/wp\/v2\/posts"}],"about":[{"href":"https:\/\/www.tapahtumatehdasvakava.fi\/index.php?rest_route=\/wp\/v2\/types\/post"}],"author":[{"embeddable":true,"href":"https:\/\/www.tapahtumatehdasvakava.fi\/index.php?rest_route=\/wp\/v2\/users\/1"}],"replies":[{"embeddable":true,"href":"https:\/\/www.tapahtumatehdasvakava.fi\/index.php?rest_route=%2Fwp%2Fv2%2Fcomments&post=991"}],"version-history":[{"count":2,"href":"https:\/\/www.tapahtumatehdasvakava.fi\/index.php?rest_route=\/wp\/v2\/posts\/991\/revisions"}],"predecessor-version":[{"id":1184,"href":"https:\/\/www.tapahtumatehdasvakava.fi\/index.php?rest_route=\/wp\/v2\/posts\/991\/revisions\/1184"}],"wp:attachment":[{"href":"https:\/\/www.tapahtumatehdasvakava.fi\/index.php?rest_route=%2Fwp%2Fv2%2Fmedia&parent=991"}],"wp:term":[{"taxonomy":"category","embeddable":true,"href":"https:\/\/www.tapahtumatehdasvakava.fi\/index.php?rest_route=%2Fwp%2Fv2%2Fcategories&post=991"},{"taxonomy":"post_tag","embeddable":true,"href":"https:\/\/www.tapahtumatehdasvakava.fi\/index.php?rest_route=%2Fwp%2Fv2%2Ftags&post=991"}],"curies":[{"name":"wp","href":"https:\/\/api.w.org\/{rel}","templated":true}]}}