{"id":894,"date":"2024-07-24T07:12:36","date_gmt":"2024-07-24T04:12:36","guid":{"rendered":"https:\/\/www.tapahtumatehdasvakava.fi\/?p=894"},"modified":"2025-03-25T13:21:34","modified_gmt":"2025-03-25T11:21:34","slug":"voiko-henkilostotapahtumaa-jarjestaa-kun-talous-on-taantumassa","status":"publish","type":"post","link":"https:\/\/www.tapahtumatehdasvakava.fi\/?p=894","title":{"rendered":"Voiko henkil\u00f6st\u00f6tapahtumaa j\u00e4rjest\u00e4\u00e4, kun talous on taantumassa?"},"content":{"rendered":"\n<p>\u201dHeikosti menee, mutta silti on varaa j\u00e4rjest\u00e4\u00e4 tiimip\u00e4iv\u00e4 kaikilla herkuilla.\u201d<\/p>\n\n\n\n<p>Henkil\u00f6st\u00f6tapahtuma on helposti ensimm\u00e4isten karsittavien asioiden listalla, jos taloustilanne on heikko. Tai jos tapahtuma j\u00e4rjestet\u00e4\u00e4n, sit\u00e4 voi joutua perustelemaan. Tapahtuma, varsinkin viihdesis\u00e4ll\u00f6ll\u00e4, voi olla joidenkin mieless\u00e4 pelkk\u00e4 ylim\u00e4\u00e4r\u00e4inen kulu.<\/p>\n\n\n\n<p>Tietenkin on priorisoitava, jos kirstun pohja paistaa. Johtoryhm\u00e4n reissu F1-kisoihin on kohtuuton, jos samaan aikaan lomautetaan henkil\u00f6st\u00f6\u00e4.<\/p>\n\n\n\n<p>Ent\u00e4 yritykset, joilla menee ihan hyvin, yleisest\u00e4 talouden alavireest\u00e4 huolimatta? Karsitaanko my\u00f6s niiss\u00e4 henkil\u00f6st\u00f6tapahtumia?<\/p>\n\n\n\n<p>Yleinen ilmapiiri sanoo, ett\u00e4 nyt on s\u00e4\u00e4stett\u00e4v\u00e4, oltava varovaisia ja varauduttava pahimpaan, joten tehd\u00e4\u00e4nk\u00f6 niin, vaikka oman yrityksen tilanne ei ole kriittinen?<\/p>\n\n\n<style>.wp-block-kadence-spacer.kt-block-spacer-894_dec070-c5 .kt-block-spacer{height:40px;}.wp-block-kadence-spacer.kt-block-spacer-894_dec070-c5 .kt-divider{border-top-width:1px;height:1px;border-top-color:#eee;width:80%;border-top-style:solid;}<\/style>\n<div class=\"wp-block-kadence-spacer aligncenter kt-block-spacer-894_dec070-c5\"><div class=\"kt-block-spacer kt-block-spacer-halign-center\"><hr class=\"kt-divider\"\/><\/div><\/div>\n\n\n\n<h2 class=\"wp-block-heading\">Henkil\u00f6st\u00f6tapahtuma \u2013 huvia vai hy\u00f6ty\u00e4?<\/h2>\n\n\n\n<p>J\u00e4rjestet\u00e4\u00e4nk\u00f6 henkil\u00f6st\u00f6tapahtumia huvin vai hy\u00f6dyn vuoksi? Sek\u00e4 ett\u00e4.<\/p>\n\n\n\n<p>Tavoitteellisuus ja pitk\u00e4aikaisvaikutukset, sanoo Vakavan jengi. Mielest\u00e4mme my\u00f6s viihteellisell\u00e4 ja kulttuuripainotteisella henkil\u00f6st\u00f6tapahtumalla on konkreettinen tavoite. Tai ainakin pit\u00e4isi olla! Siihen olemme pyrkineet, kun olemme suunnitelleet omia palveluitamme.<\/p>\n\n\n\n<p><a href=\"https:\/\/www.tapahtumatehdasvakava.fi\/?page_id=515\">Virkistysp\u00e4iv\u00e4pakettimme<\/a> on jaettu kolmeen kategoriaan: fyysinen, psyykkinen ja sosiaalinen hyvinvointi. Sis\u00e4ll\u00f6t ovat paitsi viihdytt\u00e4vi\u00e4, mutta my\u00f6s tavoitteellisia ja hy\u00f6dyllisi\u00e4.<\/p>\n\n\n\n<p>Taantumasta huolimatta: fyysinen hyvinvointi edist\u00e4\u00e4 ty\u00f6ss\u00e4jaksamista ja v\u00e4hent\u00e4\u00e4 sairauspoissaoloja.<\/p>\n\n\n\n<p>Samoin psyykkinen hyvinvointi.<\/p>\n\n\n\n<p>Taantumasta huolimatta: ihmisten on teht\u00e4v\u00e4 t\u00f6it\u00e4 yhdess\u00e4, yhteisty\u00f6ss\u00e4, tiimein\u00e4 ja porukoina. Voisiko ajatella, ett\u00e4 juuri vaikeina aikoina yhteen hiileen puhaltaminen on kaikkein t\u00e4rkeint\u00e4?<\/p>\n\n\n\n<p>Henkil\u00f6st\u00f6tapahtuma on kustannus, mutta jos pitk\u00e4aikaisvaikutuksena esimerkiksi tyytyv\u00e4isyys ty\u00f6h\u00f6n lis\u00e4\u00e4ntyy, sitoutuminen ty\u00f6nantajaan kasvaa, sairauspoissaolot v\u00e4henev\u00e4t ja ty\u00f6ntekij\u00f6iden keskin\u00e4inen yhteisty\u00f6 paranee, niin eik\u00f6 henkil\u00f6st\u00f6tapahtuma ole ennemmin investointi.<\/p>\n\n\n<style>.wp-block-kadence-spacer.kt-block-spacer-894_830207-ce .kt-block-spacer{height:40px;}.wp-block-kadence-spacer.kt-block-spacer-894_830207-ce .kt-divider{border-top-width:1px;height:1px;border-top-color:#eee;width:80%;border-top-style:solid;}<\/style>\n<div class=\"wp-block-kadence-spacer aligncenter kt-block-spacer-894_830207-ce\"><div class=\"kt-block-spacer kt-block-spacer-halign-center\"><hr class=\"kt-divider\"\/><\/div><\/div>\n\n\n\n<h2 class=\"wp-block-heading\">Lamaantuisimmeko?<\/h2>\n\n\n\n<p>Jos yleinen ilmapiiri on, ett\u00e4 nyt menee huonosti, niin hy\u00f6tyyk\u00f6 yrityksemme siit\u00e4, ett\u00e4 henkil\u00f6kuntamme vaipuu t\u00e4h\u00e4n yleisen ilmapiirin sanelemaan toivottomuuteen?<\/p>\n\n\n\n<p>Realisti saa ja pit\u00e4\u00e4 olla, mutta voisiko yrityksellemme olla hy\u00f6dyllisemp\u00e4\u00e4, jos henkil\u00f6kuntamme on lamaantuneen sijaan toiveikas ja luottavainen? Jos se n\u00e4kisi, ett\u00e4 yrityksemme johto huolehtii heist\u00e4, pit\u00e4\u00e4 heid\u00e4n hyvinvointiaan voimavarana eik\u00e4 kuluer\u00e4n\u00e4 ja katsoo tulevaan, taantuman j\u00e4lkeiseen aikaan.<\/p>\n\n\n\n<p>Voisiko t\u00e4m\u00e4 motivoida ja sitouttaa henkil\u00f6st\u00f6\u00e4mme \u2013 ja edesauttaa sit\u00e4 kautta yrityksemme taloudellista tilannetta.<\/p>\n\n\n\n<p>Kulttuurin kokemisella ja taiteen tekemisell\u00e4 on tutkimusten mukaan todettu olevan sek\u00e4 psyykkist\u00e4 ett\u00e4 fyysist\u00e4 hyvinvointia edist\u00e4vi\u00e4 vaikutuksia. (Lue esim. <a href=\"https:\/\/www.sitra.fi\/artikkelit\/nakokulmia-taiteen-ja-kulttuurin-terveysvaikutuksiin\/\">t\u00e4\u00e4lt\u00e4<\/a>.) Henkil\u00f6st\u00f6tapahtuman sis\u00e4lt\u00f6 voi siis olla samaan aikaan sek\u00e4 viihdytt\u00e4v\u00e4\u00e4 ett\u00e4 hy\u00f6dyllist\u00e4.<\/p>\n\n\n\n<p>Vai mit\u00e4 mielt\u00e4 sin\u00e4 olet?<\/p>\n\n\n\n<figure class=\"wp-block-image size-large is-resized wp-duotone-unset-1\"><img loading=\"lazy\" decoding=\"async\" width=\"2560\" height=\"1920\" src=\"https:\/\/www.tapahtumatehdasvakava.fi\/wp-content\/uploads\/2024\/08\/Vakava1_1.5.2_1.5.1-edited-scaled.jpg\" alt=\"Henkil\u00f6st\u00f6tapahtumat H\u00f6gforsin ruukissa.\" class=\"wp-image-983\" style=\"width:473px;height:auto\" srcset=\"https:\/\/www.tapahtumatehdasvakava.fi\/wp-content\/uploads\/2024\/08\/Vakava1_1.5.2_1.5.1-edited-scaled.jpg 2560w, https:\/\/www.tapahtumatehdasvakava.fi\/wp-content\/uploads\/2024\/08\/Vakava1_1.5.2_1.5.1-edited-300x225.jpg 300w, https:\/\/www.tapahtumatehdasvakava.fi\/wp-content\/uploads\/2024\/08\/Vakava1_1.5.2_1.5.1-edited-1024x768.jpg 1024w, https:\/\/www.tapahtumatehdasvakava.fi\/wp-content\/uploads\/2024\/08\/Vakava1_1.5.2_1.5.1-edited-768x576.jpg 768w, https:\/\/www.tapahtumatehdasvakava.fi\/wp-content\/uploads\/2024\/08\/Vakava1_1.5.2_1.5.1-edited-1536x1152.jpg 1536w, https:\/\/www.tapahtumatehdasvakava.fi\/wp-content\/uploads\/2024\/08\/Vakava1_1.5.2_1.5.1-edited-2048x1536.jpg 2048w\" sizes=\"auto, (max-width: 2560px) 100vw, 2560px\" \/><\/figure>\n","protected":false},"excerpt":{"rendered":"<p>\u201dHeikosti menee, mutta silti on varaa j\u00e4rjest\u00e4\u00e4 tiimip\u00e4iv\u00e4 kaikilla herkuilla.\u201d Henkil\u00f6st\u00f6tapahtuma on helposti ensimm\u00e4isten karsittavien asioiden listalla, jos taloustilanne on heikko. Tai jos tapahtuma j\u00e4rjestet\u00e4\u00e4n, sit\u00e4 voi joutua perustelemaan. Tapahtuma, varsinkin viihdesis\u00e4ll\u00f6ll\u00e4, voi olla joidenkin mieless\u00e4 pelkk\u00e4 ylim\u00e4\u00e4r\u00e4inen kulu. Tietenkin on priorisoitava, jos kirstun pohja paistaa. Johtoryhm\u00e4n reissu F1-kisoihin on kohtuuton, jos samaan aikaan lomautetaan&#8230;<\/p>\n","protected":false},"author":1,"featured_media":0,"comment_status":"open","ping_status":"open","sticky":false,"template":"","format":"standard","meta":{"_kadence_starter_templates_imported_post":false,"_kad_post_transparent":"","_kad_post_title":"","_kad_post_layout":"","_kad_post_sidebar_id":"","_kad_post_content_style":"","_kad_post_vertical_padding":"","_kad_post_feature":"","_kad_post_feature_position":"","_kad_post_header":false,"_kad_post_footer":false,"_kad_post_classname":"","iawp_total_views":10,"footnotes":""},"categories":[5],"tags":[15,7,8,9,11],"class_list":["post-894","post","type-post","status-publish","format-standard","hentry","category-virkistyspaivat","tag-henkilostotapahtuma","tag-tyhypaiva","tag-tykypaiva","tag-virkistyspaiva","tag-yritystapahtuma"],"yoast_head":"<!-- This site is optimized with the Yoast SEO plugin v27.4 - https:\/\/yoast.com\/product\/yoast-seo-wordpress\/ -->\n<title>Voiko henkil\u00f6st\u00f6tapahtumaa j\u00e4rjest\u00e4\u00e4, kun talous on taantumassa?<\/title>\n<meta name=\"description\" content=\"Henkil\u00f6st\u00f6tapahtuma \u2013 hy\u00f6ty\u00e4 vai huvia? Kuluer\u00e4 vai investointi? Onko perusteltua j\u00e4rjest\u00e4\u00e4 henkil\u00f6st\u00f6tapahtumaa ep\u00e4varmassa tilanteessa?\" \/>\n<meta name=\"robots\" content=\"index, follow, max-snippet:-1, max-image-preview:large, max-video-preview:-1\" \/>\n<link rel=\"canonical\" href=\"https:\/\/www.tapahtumatehdasvakava.fi\/?p=894\" \/>\n<meta property=\"og:locale\" content=\"fi_FI\" \/>\n<meta property=\"og:type\" content=\"article\" \/>\n<meta property=\"og:title\" content=\"Artikkeli: Voiko henkil\u00f6st\u00f6tapahtumaa j\u00e4rjest\u00e4\u00e4, kun talous on taantumassa?\" \/>\n<meta property=\"og:description\" content=\"Onko henkil\u00f6st\u00f6tapahtuma turha kuluer\u00e4 vai investointi?\" \/>\n<meta property=\"og:url\" content=\"https:\/\/www.tapahtumatehdasvakava.fi\/?p=894\" \/>\n<meta property=\"og:site_name\" content=\"Tapahtumatehdas Vakava\" \/>\n<meta property=\"article:publisher\" content=\"https:\/\/www.facebook.com\/profile.php?id=61559919908215\" \/>\n<meta property=\"article:published_time\" content=\"2024-07-24T04:12:36+00:00\" \/>\n<meta property=\"article:modified_time\" content=\"2025-03-25T11:21:34+00:00\" \/>\n<meta property=\"og:image\" content=\"https:\/\/www.tapahtumatehdasvakava.fi\/wp-content\/uploads\/2024\/08\/Vakava1_1.5.2_1.5.1-edited-scaled.jpg\" \/>\n\t<meta property=\"og:image:width\" content=\"2560\" \/>\n\t<meta property=\"og:image:height\" content=\"1920\" \/>\n\t<meta property=\"og:image:type\" content=\"image\/jpeg\" \/>\n<meta name=\"author\" content=\"Vakava\" \/>\n<meta name=\"twitter:card\" content=\"summary_large_image\" \/>\n<meta name=\"twitter:label1\" content=\"Kirjoittanut\" \/>\n\t<meta name=\"twitter:data1\" content=\"Vakava\" \/>\n\t<meta name=\"twitter:label2\" content=\"Arvioitu lukuaika\" \/>\n\t<meta name=\"twitter:data2\" content=\"3 minuuttia\" \/>\n<script type=\"application\/ld+json\" class=\"yoast-schema-graph\">{\"@context\":\"https:\\\/\\\/schema.org\",\"@graph\":[{\"@type\":\"Article\",\"@id\":\"https:\\\/\\\/www.tapahtumatehdasvakava.fi\\\/?p=894#article\",\"isPartOf\":{\"@id\":\"https:\\\/\\\/www.tapahtumatehdasvakava.fi\\\/?p=894\"},\"author\":{\"name\":\"Vakava\",\"@id\":\"https:\\\/\\\/www.tapahtumatehdasvakava.fi\\\/#\\\/schema\\\/person\\\/52df2e67d0533904a1f22765db3a400d\"},\"headline\":\"Voiko henkil\u00f6st\u00f6tapahtumaa j\u00e4rjest\u00e4\u00e4, kun talous on taantumassa?\",\"datePublished\":\"2024-07-24T04:12:36+00:00\",\"dateModified\":\"2025-03-25T11:21:34+00:00\",\"mainEntityOfPage\":{\"@id\":\"https:\\\/\\\/www.tapahtumatehdasvakava.fi\\\/?p=894\"},\"wordCount\":412,\"commentCount\":0,\"publisher\":{\"@id\":\"https:\\\/\\\/www.tapahtumatehdasvakava.fi\\\/#organization\"},\"image\":{\"@id\":\"https:\\\/\\\/www.tapahtumatehdasvakava.fi\\\/?p=894#primaryimage\"},\"thumbnailUrl\":\"https:\\\/\\\/www.tapahtumatehdasvakava.fi\\\/wp-content\\\/uploads\\\/2024\\\/08\\\/Vakava1_1.5.2_1.5.1-edited-scaled.jpg\",\"keywords\":[\"Henkil\u00f6st\u00f6tapahtuma\",\"Tyhyp\u00e4iv\u00e4\",\"Tykyp\u00e4iv\u00e4\",\"Virkistysp\u00e4iv\u00e4\",\"Yritystapahtuma\"],\"articleSection\":[\"Virkistysp\u00e4iv\u00e4t\"],\"inLanguage\":\"fi\",\"potentialAction\":[{\"@type\":\"CommentAction\",\"name\":\"Comment\",\"target\":[\"https:\\\/\\\/www.tapahtumatehdasvakava.fi\\\/?p=894#respond\"]}]},{\"@type\":\"WebPage\",\"@id\":\"https:\\\/\\\/www.tapahtumatehdasvakava.fi\\\/?p=894\",\"url\":\"https:\\\/\\\/www.tapahtumatehdasvakava.fi\\\/?p=894\",\"name\":\"Voiko henkil\u00f6st\u00f6tapahtumaa j\u00e4rjest\u00e4\u00e4, kun talous on taantumassa?\",\"isPartOf\":{\"@id\":\"https:\\\/\\\/www.tapahtumatehdasvakava.fi\\\/#website\"},\"primaryImageOfPage\":{\"@id\":\"https:\\\/\\\/www.tapahtumatehdasvakava.fi\\\/?p=894#primaryimage\"},\"image\":{\"@id\":\"https:\\\/\\\/www.tapahtumatehdasvakava.fi\\\/?p=894#primaryimage\"},\"thumbnailUrl\":\"https:\\\/\\\/www.tapahtumatehdasvakava.fi\\\/wp-content\\\/uploads\\\/2024\\\/08\\\/Vakava1_1.5.2_1.5.1-edited-scaled.jpg\",\"datePublished\":\"2024-07-24T04:12:36+00:00\",\"dateModified\":\"2025-03-25T11:21:34+00:00\",\"description\":\"Henkil\u00f6st\u00f6tapahtuma \u2013 hy\u00f6ty\u00e4 vai huvia? Kuluer\u00e4 vai investointi? Onko perusteltua j\u00e4rjest\u00e4\u00e4 henkil\u00f6st\u00f6tapahtumaa ep\u00e4varmassa tilanteessa?\",\"breadcrumb\":{\"@id\":\"https:\\\/\\\/www.tapahtumatehdasvakava.fi\\\/?p=894#breadcrumb\"},\"inLanguage\":\"fi\",\"potentialAction\":[{\"@type\":\"ReadAction\",\"target\":[\"https:\\\/\\\/www.tapahtumatehdasvakava.fi\\\/?p=894\"]}]},{\"@type\":\"ImageObject\",\"inLanguage\":\"fi\",\"@id\":\"https:\\\/\\\/www.tapahtumatehdasvakava.fi\\\/?p=894#primaryimage\",\"url\":\"https:\\\/\\\/www.tapahtumatehdasvakava.fi\\\/wp-content\\\/uploads\\\/2024\\\/08\\\/Vakava1_1.5.2_1.5.1-edited-scaled.jpg\",\"contentUrl\":\"https:\\\/\\\/www.tapahtumatehdasvakava.fi\\\/wp-content\\\/uploads\\\/2024\\\/08\\\/Vakava1_1.5.2_1.5.1-edited-scaled.jpg\",\"width\":2560,\"height\":1920},{\"@type\":\"BreadcrumbList\",\"@id\":\"https:\\\/\\\/www.tapahtumatehdasvakava.fi\\\/?p=894#breadcrumb\",\"itemListElement\":[{\"@type\":\"ListItem\",\"position\":1,\"name\":\"Etusivu\",\"item\":\"https:\\\/\\\/www.tapahtumatehdasvakava.fi\\\/\"},{\"@type\":\"ListItem\",\"position\":2,\"name\":\"Voiko henkil\u00f6st\u00f6tapahtumaa j\u00e4rjest\u00e4\u00e4, kun talous on taantumassa?\"}]},{\"@type\":\"WebSite\",\"@id\":\"https:\\\/\\\/www.tapahtumatehdasvakava.fi\\\/#website\",\"url\":\"https:\\\/\\\/www.tapahtumatehdasvakava.fi\\\/\",\"name\":\"Tapahtumatehdas Vakava\",\"description\":\"Yritystapahtumat H&ouml;gforsin ruukkialueella Karkkilassa\",\"publisher\":{\"@id\":\"https:\\\/\\\/www.tapahtumatehdasvakava.fi\\\/#organization\"},\"potentialAction\":[{\"@type\":\"SearchAction\",\"target\":{\"@type\":\"EntryPoint\",\"urlTemplate\":\"https:\\\/\\\/www.tapahtumatehdasvakava.fi\\\/?s={search_term_string}\"},\"query-input\":{\"@type\":\"PropertyValueSpecification\",\"valueRequired\":true,\"valueName\":\"search_term_string\"}}],\"inLanguage\":\"fi\"},{\"@type\":\"Organization\",\"@id\":\"https:\\\/\\\/www.tapahtumatehdasvakava.fi\\\/#organization\",\"name\":\"Tapahtumatehdas Vakava\",\"url\":\"https:\\\/\\\/www.tapahtumatehdasvakava.fi\\\/\",\"logo\":{\"@type\":\"ImageObject\",\"inLanguage\":\"fi\",\"@id\":\"https:\\\/\\\/www.tapahtumatehdasvakava.fi\\\/#\\\/schema\\\/logo\\\/image\\\/\",\"url\":\"https:\\\/\\\/www.tapahtumatehdasvakava.fi\\\/wp-content\\\/uploads\\\/2024\\\/04\\\/Vakava-big-blk@2x.png\",\"contentUrl\":\"https:\\\/\\\/www.tapahtumatehdasvakava.fi\\\/wp-content\\\/uploads\\\/2024\\\/04\\\/Vakava-big-blk@2x.png\",\"width\":1090,\"height\":316,\"caption\":\"Tapahtumatehdas Vakava\"},\"image\":{\"@id\":\"https:\\\/\\\/www.tapahtumatehdasvakava.fi\\\/#\\\/schema\\\/logo\\\/image\\\/\"},\"sameAs\":[\"https:\\\/\\\/www.facebook.com\\\/profile.php?id=61559919908215\",\"https:\\\/\\\/www.instagram.com\\\/tapahtumatehdas_vakava\\\/\",\"https:\\\/\\\/www.linkedin.com\\\/company\\\/102408225\"]},{\"@type\":\"Person\",\"@id\":\"https:\\\/\\\/www.tapahtumatehdasvakava.fi\\\/#\\\/schema\\\/person\\\/52df2e67d0533904a1f22765db3a400d\",\"name\":\"Vakava\",\"image\":{\"@type\":\"ImageObject\",\"inLanguage\":\"fi\",\"@id\":\"https:\\\/\\\/secure.gravatar.com\\\/avatar\\\/62f1bfdd4ed31d24fe298f9332dcdee92d4c12c61905a01396ec64057d7fd8fd?s=96&d=mm&r=g\",\"url\":\"https:\\\/\\\/secure.gravatar.com\\\/avatar\\\/62f1bfdd4ed31d24fe298f9332dcdee92d4c12c61905a01396ec64057d7fd8fd?s=96&d=mm&r=g\",\"contentUrl\":\"https:\\\/\\\/secure.gravatar.com\\\/avatar\\\/62f1bfdd4ed31d24fe298f9332dcdee92d4c12c61905a01396ec64057d7fd8fd?s=96&d=mm&r=g\",\"caption\":\"Vakava\"},\"sameAs\":[\"http:\\\/\\\/www.tapahtumatehdasvakava.fi\"],\"url\":\"https:\\\/\\\/www.tapahtumatehdasvakava.fi\\\/?author=1\"}]}<\/script>\n<!-- \/ Yoast SEO plugin. -->","yoast_head_json":{"title":"Voiko henkil\u00f6st\u00f6tapahtumaa j\u00e4rjest\u00e4\u00e4, kun talous on taantumassa?","description":"Henkil\u00f6st\u00f6tapahtuma \u2013 hy\u00f6ty\u00e4 vai huvia? Kuluer\u00e4 vai investointi? Onko perusteltua j\u00e4rjest\u00e4\u00e4 henkil\u00f6st\u00f6tapahtumaa ep\u00e4varmassa tilanteessa?","robots":{"index":"index","follow":"follow","max-snippet":"max-snippet:-1","max-image-preview":"max-image-preview:large","max-video-preview":"max-video-preview:-1"},"canonical":"https:\/\/www.tapahtumatehdasvakava.fi\/?p=894","og_locale":"fi_FI","og_type":"article","og_title":"Artikkeli: Voiko henkil\u00f6st\u00f6tapahtumaa j\u00e4rjest\u00e4\u00e4, kun talous on taantumassa?","og_description":"Onko henkil\u00f6st\u00f6tapahtuma turha kuluer\u00e4 vai investointi?","og_url":"https:\/\/www.tapahtumatehdasvakava.fi\/?p=894","og_site_name":"Tapahtumatehdas Vakava","article_publisher":"https:\/\/www.facebook.com\/profile.php?id=61559919908215","article_published_time":"2024-07-24T04:12:36+00:00","article_modified_time":"2025-03-25T11:21:34+00:00","og_image":[{"width":2560,"height":1920,"url":"https:\/\/www.tapahtumatehdasvakava.fi\/wp-content\/uploads\/2024\/08\/Vakava1_1.5.2_1.5.1-edited-scaled.jpg","type":"image\/jpeg"}],"author":"Vakava","twitter_card":"summary_large_image","twitter_misc":{"Kirjoittanut":"Vakava","Arvioitu lukuaika":"3 minuuttia"},"schema":{"@context":"https:\/\/schema.org","@graph":[{"@type":"Article","@id":"https:\/\/www.tapahtumatehdasvakava.fi\/?p=894#article","isPartOf":{"@id":"https:\/\/www.tapahtumatehdasvakava.fi\/?p=894"},"author":{"name":"Vakava","@id":"https:\/\/www.tapahtumatehdasvakava.fi\/#\/schema\/person\/52df2e67d0533904a1f22765db3a400d"},"headline":"Voiko henkil\u00f6st\u00f6tapahtumaa j\u00e4rjest\u00e4\u00e4, kun talous on taantumassa?","datePublished":"2024-07-24T04:12:36+00:00","dateModified":"2025-03-25T11:21:34+00:00","mainEntityOfPage":{"@id":"https:\/\/www.tapahtumatehdasvakava.fi\/?p=894"},"wordCount":412,"commentCount":0,"publisher":{"@id":"https:\/\/www.tapahtumatehdasvakava.fi\/#organization"},"image":{"@id":"https:\/\/www.tapahtumatehdasvakava.fi\/?p=894#primaryimage"},"thumbnailUrl":"https:\/\/www.tapahtumatehdasvakava.fi\/wp-content\/uploads\/2024\/08\/Vakava1_1.5.2_1.5.1-edited-scaled.jpg","keywords":["Henkil\u00f6st\u00f6tapahtuma","Tyhyp\u00e4iv\u00e4","Tykyp\u00e4iv\u00e4","Virkistysp\u00e4iv\u00e4","Yritystapahtuma"],"articleSection":["Virkistysp\u00e4iv\u00e4t"],"inLanguage":"fi","potentialAction":[{"@type":"CommentAction","name":"Comment","target":["https:\/\/www.tapahtumatehdasvakava.fi\/?p=894#respond"]}]},{"@type":"WebPage","@id":"https:\/\/www.tapahtumatehdasvakava.fi\/?p=894","url":"https:\/\/www.tapahtumatehdasvakava.fi\/?p=894","name":"Voiko henkil\u00f6st\u00f6tapahtumaa j\u00e4rjest\u00e4\u00e4, kun talous on taantumassa?","isPartOf":{"@id":"https:\/\/www.tapahtumatehdasvakava.fi\/#website"},"primaryImageOfPage":{"@id":"https:\/\/www.tapahtumatehdasvakava.fi\/?p=894#primaryimage"},"image":{"@id":"https:\/\/www.tapahtumatehdasvakava.fi\/?p=894#primaryimage"},"thumbnailUrl":"https:\/\/www.tapahtumatehdasvakava.fi\/wp-content\/uploads\/2024\/08\/Vakava1_1.5.2_1.5.1-edited-scaled.jpg","datePublished":"2024-07-24T04:12:36+00:00","dateModified":"2025-03-25T11:21:34+00:00","description":"Henkil\u00f6st\u00f6tapahtuma \u2013 hy\u00f6ty\u00e4 vai huvia? Kuluer\u00e4 vai investointi? Onko perusteltua j\u00e4rjest\u00e4\u00e4 henkil\u00f6st\u00f6tapahtumaa ep\u00e4varmassa tilanteessa?","breadcrumb":{"@id":"https:\/\/www.tapahtumatehdasvakava.fi\/?p=894#breadcrumb"},"inLanguage":"fi","potentialAction":[{"@type":"ReadAction","target":["https:\/\/www.tapahtumatehdasvakava.fi\/?p=894"]}]},{"@type":"ImageObject","inLanguage":"fi","@id":"https:\/\/www.tapahtumatehdasvakava.fi\/?p=894#primaryimage","url":"https:\/\/www.tapahtumatehdasvakava.fi\/wp-content\/uploads\/2024\/08\/Vakava1_1.5.2_1.5.1-edited-scaled.jpg","contentUrl":"https:\/\/www.tapahtumatehdasvakava.fi\/wp-content\/uploads\/2024\/08\/Vakava1_1.5.2_1.5.1-edited-scaled.jpg","width":2560,"height":1920},{"@type":"BreadcrumbList","@id":"https:\/\/www.tapahtumatehdasvakava.fi\/?p=894#breadcrumb","itemListElement":[{"@type":"ListItem","position":1,"name":"Etusivu","item":"https:\/\/www.tapahtumatehdasvakava.fi\/"},{"@type":"ListItem","position":2,"name":"Voiko henkil\u00f6st\u00f6tapahtumaa j\u00e4rjest\u00e4\u00e4, kun talous on taantumassa?"}]},{"@type":"WebSite","@id":"https:\/\/www.tapahtumatehdasvakava.fi\/#website","url":"https:\/\/www.tapahtumatehdasvakava.fi\/","name":"Tapahtumatehdas Vakava","description":"Yritystapahtumat H&ouml;gforsin ruukkialueella Karkkilassa","publisher":{"@id":"https:\/\/www.tapahtumatehdasvakava.fi\/#organization"},"potentialAction":[{"@type":"SearchAction","target":{"@type":"EntryPoint","urlTemplate":"https:\/\/www.tapahtumatehdasvakava.fi\/?s={search_term_string}"},"query-input":{"@type":"PropertyValueSpecification","valueRequired":true,"valueName":"search_term_string"}}],"inLanguage":"fi"},{"@type":"Organization","@id":"https:\/\/www.tapahtumatehdasvakava.fi\/#organization","name":"Tapahtumatehdas Vakava","url":"https:\/\/www.tapahtumatehdasvakava.fi\/","logo":{"@type":"ImageObject","inLanguage":"fi","@id":"https:\/\/www.tapahtumatehdasvakava.fi\/#\/schema\/logo\/image\/","url":"https:\/\/www.tapahtumatehdasvakava.fi\/wp-content\/uploads\/2024\/04\/Vakava-big-blk@2x.png","contentUrl":"https:\/\/www.tapahtumatehdasvakava.fi\/wp-content\/uploads\/2024\/04\/Vakava-big-blk@2x.png","width":1090,"height":316,"caption":"Tapahtumatehdas Vakava"},"image":{"@id":"https:\/\/www.tapahtumatehdasvakava.fi\/#\/schema\/logo\/image\/"},"sameAs":["https:\/\/www.facebook.com\/profile.php?id=61559919908215","https:\/\/www.instagram.com\/tapahtumatehdas_vakava\/","https:\/\/www.linkedin.com\/company\/102408225"]},{"@type":"Person","@id":"https:\/\/www.tapahtumatehdasvakava.fi\/#\/schema\/person\/52df2e67d0533904a1f22765db3a400d","name":"Vakava","image":{"@type":"ImageObject","inLanguage":"fi","@id":"https:\/\/secure.gravatar.com\/avatar\/62f1bfdd4ed31d24fe298f9332dcdee92d4c12c61905a01396ec64057d7fd8fd?s=96&d=mm&r=g","url":"https:\/\/secure.gravatar.com\/avatar\/62f1bfdd4ed31d24fe298f9332dcdee92d4c12c61905a01396ec64057d7fd8fd?s=96&d=mm&r=g","contentUrl":"https:\/\/secure.gravatar.com\/avatar\/62f1bfdd4ed31d24fe298f9332dcdee92d4c12c61905a01396ec64057d7fd8fd?s=96&d=mm&r=g","caption":"Vakava"},"sameAs":["http:\/\/www.tapahtumatehdasvakava.fi"],"url":"https:\/\/www.tapahtumatehdasvakava.fi\/?author=1"}]}},"_links":{"self":[{"href":"https:\/\/www.tapahtumatehdasvakava.fi\/index.php?rest_route=\/wp\/v2\/posts\/894","targetHints":{"allow":["GET"]}}],"collection":[{"href":"https:\/\/www.tapahtumatehdasvakava.fi\/index.php?rest_route=\/wp\/v2\/posts"}],"about":[{"href":"https:\/\/www.tapahtumatehdasvakava.fi\/index.php?rest_route=\/wp\/v2\/types\/post"}],"author":[{"embeddable":true,"href":"https:\/\/www.tapahtumatehdasvakava.fi\/index.php?rest_route=\/wp\/v2\/users\/1"}],"replies":[{"embeddable":true,"href":"https:\/\/www.tapahtumatehdasvakava.fi\/index.php?rest_route=%2Fwp%2Fv2%2Fcomments&post=894"}],"version-history":[{"count":14,"href":"https:\/\/www.tapahtumatehdasvakava.fi\/index.php?rest_route=\/wp\/v2\/posts\/894\/revisions"}],"predecessor-version":[{"id":1186,"href":"https:\/\/www.tapahtumatehdasvakava.fi\/index.php?rest_route=\/wp\/v2\/posts\/894\/revisions\/1186"}],"wp:attachment":[{"href":"https:\/\/www.tapahtumatehdasvakava.fi\/index.php?rest_route=%2Fwp%2Fv2%2Fmedia&parent=894"}],"wp:term":[{"taxonomy":"category","embeddable":true,"href":"https:\/\/www.tapahtumatehdasvakava.fi\/index.php?rest_route=%2Fwp%2Fv2%2Fcategories&post=894"},{"taxonomy":"post_tag","embeddable":true,"href":"https:\/\/www.tapahtumatehdasvakava.fi\/index.php?rest_route=%2Fwp%2Fv2%2Ftags&post=894"}],"curies":[{"name":"wp","href":"https:\/\/api.w.org\/{rel}","templated":true}]}}