{"id":824,"date":"2024-07-09T12:58:59","date_gmt":"2024-07-09T09:58:59","guid":{"rendered":"https:\/\/www.tapahtumatehdasvakava.fi\/?p=824"},"modified":"2025-03-25T13:23:01","modified_gmt":"2025-03-25T11:23:01","slug":"mita-tehda-tykypaivana-osa-1","status":"publish","type":"post","link":"https:\/\/www.tapahtumatehdasvakava.fi\/?p=824","title":{"rendered":"Mit\u00e4 tehd\u00e4 tykyp\u00e4iv\u00e4n\u00e4? osa 1"},"content":{"rendered":"\n<p>Ennen kuin vastaamme kysymykseen \u201dmit\u00e4 tehd\u00e4 tykyp\u00e4iv\u00e4n\u00e4\u201d, vastatkaamme kysymykseen \u201dmiksi\u201d.<\/p>\n\n\n\n<p>Tykyp\u00e4iv\u00e4 ja tyhyp\u00e4iv\u00e4 ovat niin vakiintuneita lyhenteit\u00e4, ett\u00e4 termien todellinen merkitys ehk\u00e4 joskus unohtuu: P\u00e4ivien tavoitteena on ty\u00f6kyvyn ja ty\u00f6hyvinvoinnin edist\u00e4minen.<\/p>\n\n\n\n<p>Aloitetaanko teid\u00e4n yrityksess\u00e4nne p\u00e4ivien suunnittelu miettim\u00e4ll\u00e4, miten n\u00e4it\u00e4 tavoitteita edistet\u00e4\u00e4n vai aloitetaanko suunnittelu esimerkiksi miettim\u00e4ll\u00e4, mik\u00e4 olisi kivaa?<\/p>\n\n\n\n<p>J\u00e4lkimm\u00e4isess\u00e4 ei ole mit\u00e4\u00e4n v\u00e4\u00e4r\u00e4\u00e4 \u2013 totta kai haluamme, ett\u00e4 tykyp\u00e4iv\u00e4t ja tyhyp\u00e4iv\u00e4t ovat kivoja, mutta \u201djokin kiva\u201d voi my\u00f6s edist\u00e4\u00e4 konkreettista ja syvemp\u00e4\u00e4 tavoitetta.<\/p>\n\n\n<style>.wp-block-kadence-spacer.kt-block-spacer-824_9ea5ae-99 .kt-block-spacer{height:40px;}.wp-block-kadence-spacer.kt-block-spacer-824_9ea5ae-99 .kt-divider{border-top-width:1px;height:1px;border-top-color:#eee;width:80%;border-top-style:solid;}<\/style>\n<div class=\"wp-block-kadence-spacer aligncenter kt-block-spacer-824_9ea5ae-99\"><div class=\"kt-block-spacer kt-block-spacer-halign-center\"><hr class=\"kt-divider\"\/><\/div><\/div>\n\n\n\n<h2 class=\"wp-block-heading\">vakavan tykyp\u00e4ivill\u00e4 on tavoite<\/h2>\n\n\n\n<p>Olemme Vakavassa tehneet tykyp\u00e4iv\u00e4n tavoitteiden asettamisen sinulle helpoksi (katso tarjotin <a href=\"https:\/\/www.tapahtumatehdasvakava.fi\/?page_id=515\">t\u00e4\u00e4lt\u00e4<\/a>, tai artikkelin lopusta). Virkistysp\u00e4iv\u00e4mme on paketoitu kolmen otsikon alle:<\/p>\n\n\n\n<ol class=\"wp-block-list\">\n<li>Fyysinen hyvinvointi.<\/li>\n\n\n\n<li>Psyykkinen hyvinvointi.<\/li>\n\n\n\n<li>Sosiaalinen hyvinvointi.<\/li>\n<\/ol>\n\n\n\n<p>N\u00e4iden kolmen kategorian lis\u00e4ksi olemme jaotelleet virkistysp\u00e4iv\u00e4mme kahteen eri luokkaan:<\/p>\n\n\n\n<ol class=\"wp-block-list\">\n<li>Rentoa ja rauhallista.<\/li>\n\n\n\n<li>Vauhtia ja yll\u00e4tyksi\u00e4.<\/li>\n<\/ol>\n\n\n\n<p>Rentoa ja rauhallista rivin tykyp\u00e4iv\u00e4t ovat helposti l\u00e4hestytt\u00e4vi\u00e4 monenlaisille ty\u00f6porukoille. Kaikki voivat osallistua i\u00e4st\u00e4, kuntotasosta tai esimerkiksi introverttiuden tasosta riippumatta. Mukavaa, turvallista ja stressit\u00f6nt\u00e4.<\/p>\n\n\n\n<p>Vauhtia ja yll\u00e4tyksi\u00e4 rivin tykyp\u00e4iv\u00e4t taas sopivat ty\u00f6porukoille, jotka ovat valmiita heitt\u00e4ytym\u00e4\u00e4n astetta rohkeampaan ohjelmaan. Hauskaa, viihdytt\u00e4v\u00e4\u00e4 ja sykett\u00e4 nostattavaa.<\/p>\n\n\n<style>.wp-block-kadence-spacer.kt-block-spacer-824_e4b334-e9 .kt-block-spacer{height:40px;}.wp-block-kadence-spacer.kt-block-spacer-824_e4b334-e9 .kt-divider{border-top-width:1px;height:1px;border-top-color:#eee;width:80%;border-top-style:solid;}<\/style>\n<div class=\"wp-block-kadence-spacer aligncenter kt-block-spacer-824_e4b334-e9\"><div class=\"kt-block-spacer kt-block-spacer-halign-center\"><hr class=\"kt-divider\"\/><\/div><\/div>\n\n\n\n<h2 class=\"wp-block-heading\">kuuluvatko tykyp\u00e4iv\u00e4t vuosisuunnitelmaanne?<\/h2>\n\n\n\n<p>Rakennetaanko teid\u00e4n ty\u00f6porukallenne tykyp\u00e4ivien kokonaisuus, jossa on esimerkiksi vuoden aikana kolme p\u00e4iv\u00e4\u00e4. Yksi p\u00e4iv\u00e4 jokaisen otsikon alta: fyysist\u00e4, psyykkist\u00e4 ja sosiaalista hyvinvointia, kokonaisvaltaisen hyvinvoinnin edist\u00e4miseksi.<\/p>\n\n\n\n<p>Tai jos esimerkiksi ty\u00f6n fyysinen kuormitus on haaste teid\u00e4n ty\u00f6paikallanne, rakennetaan tykyp\u00e4ivien kokonaisuus, jossa on useampi p\u00e4iv\u00e4 fyysisen hyvinvoinnin edist\u00e4miseksi.<\/p>\n\n\n\n<p>Sek\u00e4 Rentoa ja rauhallista -kategoriassa ett\u00e4 Vauhtia ja yll\u00e4tyksi\u00e4 -kategoriassa on tarjolla useampia erilaisia aktiviteetteja. Kokonaisuus voi sis\u00e4lt\u00e4\u00e4 vaikkapa nelj\u00e4 erilaista fyysisen hyvinvoinnin p\u00e4iv\u00e4\u00e4.<\/p>\n\n\n<style>.wp-block-kadence-spacer.kt-block-spacer-824_86c358-63 .kt-block-spacer{height:40px;}.wp-block-kadence-spacer.kt-block-spacer-824_86c358-63 .kt-divider{border-top-width:1px;height:1px;border-top-color:#eee;width:80%;border-top-style:solid;}<\/style>\n<div class=\"wp-block-kadence-spacer aligncenter kt-block-spacer-824_86c358-63\"><div class=\"kt-block-spacer kt-block-spacer-halign-center\"><hr class=\"kt-divider\"\/><\/div><\/div>\n\n\n\n<h2 class=\"wp-block-heading\">Mit\u00e4 tehd\u00e4 tykyp\u00e4iv\u00e4n\u00e4?<\/h2>\n\n\n\n<p>Lyhyt vastaus kysymykseen: Tulla H\u00f6gforsin ruukkiin! Mit\u00e4 kaikkea H\u00f6gforsin ruukkialueella voi tykyp\u00e4iv\u00e4n\u00e4 tehd\u00e4? T\u00e4h\u00e4n kysymykseen syvennymme tulevassa artikkelissa, joten pysy kuulolla.<\/p>\n\n\n\n<p><a href=\"https:\/\/www.tapahtumatehdasvakava.fi\/?page_id=429\">Ota yhteytt\u00e4<\/a> ja suunnitellaan teille sopiva tykyp\u00e4iv\u00e4 tai tykyp\u00e4ivien sarja.<\/p>\n\n\n<style>.wp-block-kadence-spacer.kt-block-spacer-824_dcaf37-56 .kt-block-spacer{height:50px;}.wp-block-kadence-spacer.kt-block-spacer-824_dcaf37-56 .kt-divider{border-top-width:1px;height:1px;border-top-color:#eee;width:80%;border-top-style:solid;}<\/style>\n<div class=\"wp-block-kadence-spacer aligncenter kt-block-spacer-824_dcaf37-56\"><div class=\"kt-block-spacer kt-block-spacer-halign-center\"><hr class=\"kt-divider\"\/><\/div><\/div>\n\n\n\n<figure class=\"wp-block-image size-large\"><img loading=\"lazy\" decoding=\"async\" width=\"1024\" height=\"614\" src=\"https:\/\/www.tapahtumatehdasvakava.fi\/wp-content\/uploads\/2024\/05\/1-1-1024x614.png\" alt=\"Mit\u00e4 tehd\u00e4 tykyp\u00e4iv\u00e4n\u00e4? Edistet\u00e4\u00e4n fyysist\u00e4, psyykkist\u00e4 tai sosiaalista hyvinvointia.\" class=\"wp-image-696\" srcset=\"https:\/\/www.tapahtumatehdasvakava.fi\/wp-content\/uploads\/2024\/05\/1-1-1024x614.png 1024w, https:\/\/www.tapahtumatehdasvakava.fi\/wp-content\/uploads\/2024\/05\/1-1-300x180.png 300w, https:\/\/www.tapahtumatehdasvakava.fi\/wp-content\/uploads\/2024\/05\/1-1-768x461.png 768w, https:\/\/www.tapahtumatehdasvakava.fi\/wp-content\/uploads\/2024\/05\/1-1-1536x922.png 1536w, https:\/\/www.tapahtumatehdasvakava.fi\/wp-content\/uploads\/2024\/05\/1-1-2048x1229.png 2048w\" sizes=\"auto, (max-width: 1024px) 100vw, 1024px\" \/><figcaption class=\"wp-element-caption\">Virkistysp\u00e4iv\u00e4tarjotin Vakavan tapaan.<\/figcaption><\/figure>\n\n\n\n<p>Kaipaatko lis\u00e4\u00e4, syv\u00e4llisempi\u00e4 ja persoonallisempia vinkkej\u00e4 tykyp\u00e4ivien (ja muidenkin yritystapahtumien) viettoon? Liity s\u00e4hk\u00f6postilistallemme <a href=\"https:\/\/www.tapahtumatehdasvakava.fi\/?page_id=760\">t\u00e4\u00e4lt\u00e4<\/a>. Sis\u00e4piirille paljastetaan <em>kaikki<\/em> salaisuudet, joten liity mukaan!<\/p>\n\n\n\n<p><\/p>\n\n\n\n<p><em>Kommentoi ja kerro: mietit\u00e4\u00e4nk\u00f6 teid\u00e4n ty\u00f6paikallanne tykyp\u00e4ivien tavoitteita?<\/em><\/p>\n","protected":false},"excerpt":{"rendered":"<p>Ennen kuin vastaamme kysymykseen \u201dmit\u00e4 tehd\u00e4 tykyp\u00e4iv\u00e4n\u00e4\u201d, vastatkaamme kysymykseen \u201dmiksi\u201d. Tykyp\u00e4iv\u00e4 ja tyhyp\u00e4iv\u00e4 ovat niin vakiintuneita lyhenteit\u00e4, ett\u00e4 termien todellinen merkitys ehk\u00e4 joskus unohtuu: P\u00e4ivien tavoitteena on ty\u00f6kyvyn ja ty\u00f6hyvinvoinnin edist\u00e4minen. Aloitetaanko teid\u00e4n yrityksess\u00e4nne p\u00e4ivien suunnittelu miettim\u00e4ll\u00e4, miten n\u00e4it\u00e4 tavoitteita edistet\u00e4\u00e4n vai aloitetaanko suunnittelu esimerkiksi miettim\u00e4ll\u00e4, mik\u00e4 olisi kivaa? J\u00e4lkimm\u00e4isess\u00e4 ei ole mit\u00e4\u00e4n v\u00e4\u00e4r\u00e4\u00e4 \u2013&#8230;<\/p>\n","protected":false},"author":1,"featured_media":0,"comment_status":"open","ping_status":"open","sticky":false,"template":"","format":"standard","meta":{"_kadence_starter_templates_imported_post":false,"_kad_post_transparent":"","_kad_post_title":"","_kad_post_layout":"","_kad_post_sidebar_id":"","_kad_post_content_style":"","_kad_post_vertical_padding":"","_kad_post_feature":"","_kad_post_feature_position":"","_kad_post_header":false,"_kad_post_footer":false,"_kad_post_classname":"","iawp_total_views":15,"footnotes":""},"categories":[5],"tags":[12,7,8,9,11],"class_list":["post-824","post","type-post","status-publish","format-standard","hentry","category-virkistyspaivat","tag-hogforsinruukki","tag-tyhypaiva","tag-tykypaiva","tag-virkistyspaiva","tag-yritystapahtuma"],"yoast_head":"<!-- This site is optimized with the Yoast SEO plugin v27.4 - https:\/\/yoast.com\/product\/yoast-seo-wordpress\/ -->\n<title>Mit\u00e4 tehd\u00e4 tykyp\u00e4iv\u00e4n\u00e4? osa 1<\/title>\n<meta name=\"description\" content=\"Mit\u00e4 tehd\u00e4 tykyp\u00e4iv\u00e4n\u00e4? Katso Vakavan vinkit tavoitteellisen tykyp\u00e4iv\u00e4n suunnitteluun. Kyll\u00e4, tykyp\u00e4iv\u00e4ll\u00e4 voi olla konkreettinen tavoite!\" \/>\n<meta name=\"robots\" content=\"index, follow, max-snippet:-1, max-image-preview:large, max-video-preview:-1\" \/>\n<link rel=\"canonical\" href=\"https:\/\/www.tapahtumatehdasvakava.fi\/?p=824\" \/>\n<meta property=\"og:locale\" content=\"fi_FI\" \/>\n<meta property=\"og:type\" content=\"article\" \/>\n<meta property=\"og:title\" content=\"Mit\u00e4 tehd\u00e4 tykyp\u00e4iv\u00e4n\u00e4?\" \/>\n<meta property=\"og:description\" content=\"\u00c4\u00e4rett\u00f6mi\u00e4 vastauksia ikuisiin kysymyksiin, Vakavan tapaan.\" \/>\n<meta property=\"og:url\" content=\"https:\/\/www.tapahtumatehdasvakava.fi\/?p=824\" \/>\n<meta property=\"og:site_name\" content=\"Tapahtumatehdas Vakava\" \/>\n<meta property=\"article:publisher\" content=\"https:\/\/www.facebook.com\/profile.php?id=61559919908215\" \/>\n<meta property=\"article:published_time\" content=\"2024-07-09T09:58:59+00:00\" \/>\n<meta property=\"article:modified_time\" content=\"2025-03-25T11:23:01+00:00\" \/>\n<meta property=\"og:image\" content=\"http:\/\/www.tapahtumatehdasvakava.fi\/wp-content\/uploads\/2024\/05\/1-1-1024x614.png\" \/>\n<meta name=\"author\" content=\"Vakava\" \/>\n<meta name=\"twitter:card\" content=\"summary_large_image\" \/>\n<meta name=\"twitter:label1\" content=\"Kirjoittanut\" \/>\n\t<meta name=\"twitter:data1\" content=\"Vakava\" \/>\n\t<meta name=\"twitter:label2\" content=\"Arvioitu lukuaika\" \/>\n\t<meta name=\"twitter:data2\" content=\"3 minuuttia\" \/>\n<script type=\"application\/ld+json\" class=\"yoast-schema-graph\">{\"@context\":\"https:\\\/\\\/schema.org\",\"@graph\":[{\"@type\":\"Article\",\"@id\":\"https:\\\/\\\/www.tapahtumatehdasvakava.fi\\\/?p=824#article\",\"isPartOf\":{\"@id\":\"https:\\\/\\\/www.tapahtumatehdasvakava.fi\\\/?p=824\"},\"author\":{\"name\":\"Vakava\",\"@id\":\"https:\\\/\\\/www.tapahtumatehdasvakava.fi\\\/#\\\/schema\\\/person\\\/52df2e67d0533904a1f22765db3a400d\"},\"headline\":\"Mit\u00e4 tehd\u00e4 tykyp\u00e4iv\u00e4n\u00e4? osa 1\",\"datePublished\":\"2024-07-09T09:58:59+00:00\",\"dateModified\":\"2025-03-25T11:23:01+00:00\",\"mainEntityOfPage\":{\"@id\":\"https:\\\/\\\/www.tapahtumatehdasvakava.fi\\\/?p=824\"},\"wordCount\":395,\"commentCount\":0,\"publisher\":{\"@id\":\"https:\\\/\\\/www.tapahtumatehdasvakava.fi\\\/#organization\"},\"image\":{\"@id\":\"https:\\\/\\\/www.tapahtumatehdasvakava.fi\\\/?p=824#primaryimage\"},\"thumbnailUrl\":\"http:\\\/\\\/www.tapahtumatehdasvakava.fi\\\/wp-content\\\/uploads\\\/2024\\\/05\\\/1-1-1024x614.png\",\"keywords\":[\"H\u00f6gforsin ruukki\",\"Tyhyp\u00e4iv\u00e4\",\"Tykyp\u00e4iv\u00e4\",\"Virkistysp\u00e4iv\u00e4\",\"Yritystapahtuma\"],\"articleSection\":[\"Virkistysp\u00e4iv\u00e4t\"],\"inLanguage\":\"fi\",\"potentialAction\":[{\"@type\":\"CommentAction\",\"name\":\"Comment\",\"target\":[\"https:\\\/\\\/www.tapahtumatehdasvakava.fi\\\/?p=824#respond\"]}]},{\"@type\":\"WebPage\",\"@id\":\"https:\\\/\\\/www.tapahtumatehdasvakava.fi\\\/?p=824\",\"url\":\"https:\\\/\\\/www.tapahtumatehdasvakava.fi\\\/?p=824\",\"name\":\"Mit\u00e4 tehd\u00e4 tykyp\u00e4iv\u00e4n\u00e4? osa 1\",\"isPartOf\":{\"@id\":\"https:\\\/\\\/www.tapahtumatehdasvakava.fi\\\/#website\"},\"primaryImageOfPage\":{\"@id\":\"https:\\\/\\\/www.tapahtumatehdasvakava.fi\\\/?p=824#primaryimage\"},\"image\":{\"@id\":\"https:\\\/\\\/www.tapahtumatehdasvakava.fi\\\/?p=824#primaryimage\"},\"thumbnailUrl\":\"http:\\\/\\\/www.tapahtumatehdasvakava.fi\\\/wp-content\\\/uploads\\\/2024\\\/05\\\/1-1-1024x614.png\",\"datePublished\":\"2024-07-09T09:58:59+00:00\",\"dateModified\":\"2025-03-25T11:23:01+00:00\",\"description\":\"Mit\u00e4 tehd\u00e4 tykyp\u00e4iv\u00e4n\u00e4? Katso Vakavan vinkit tavoitteellisen tykyp\u00e4iv\u00e4n suunnitteluun. Kyll\u00e4, tykyp\u00e4iv\u00e4ll\u00e4 voi olla konkreettinen tavoite!\",\"breadcrumb\":{\"@id\":\"https:\\\/\\\/www.tapahtumatehdasvakava.fi\\\/?p=824#breadcrumb\"},\"inLanguage\":\"fi\",\"potentialAction\":[{\"@type\":\"ReadAction\",\"target\":[\"https:\\\/\\\/www.tapahtumatehdasvakava.fi\\\/?p=824\"]}]},{\"@type\":\"ImageObject\",\"inLanguage\":\"fi\",\"@id\":\"https:\\\/\\\/www.tapahtumatehdasvakava.fi\\\/?p=824#primaryimage\",\"url\":\"https:\\\/\\\/www.tapahtumatehdasvakava.fi\\\/wp-content\\\/uploads\\\/2024\\\/05\\\/1-1.png\",\"contentUrl\":\"https:\\\/\\\/www.tapahtumatehdasvakava.fi\\\/wp-content\\\/uploads\\\/2024\\\/05\\\/1-1.png\",\"width\":5000,\"height\":3000},{\"@type\":\"BreadcrumbList\",\"@id\":\"https:\\\/\\\/www.tapahtumatehdasvakava.fi\\\/?p=824#breadcrumb\",\"itemListElement\":[{\"@type\":\"ListItem\",\"position\":1,\"name\":\"Etusivu\",\"item\":\"https:\\\/\\\/www.tapahtumatehdasvakava.fi\\\/\"},{\"@type\":\"ListItem\",\"position\":2,\"name\":\"Mit\u00e4 tehd\u00e4 tykyp\u00e4iv\u00e4n\u00e4? osa 1\"}]},{\"@type\":\"WebSite\",\"@id\":\"https:\\\/\\\/www.tapahtumatehdasvakava.fi\\\/#website\",\"url\":\"https:\\\/\\\/www.tapahtumatehdasvakava.fi\\\/\",\"name\":\"Tapahtumatehdas Vakava\",\"description\":\"Yritystapahtumat H&ouml;gforsin ruukkialueella Karkkilassa\",\"publisher\":{\"@id\":\"https:\\\/\\\/www.tapahtumatehdasvakava.fi\\\/#organization\"},\"potentialAction\":[{\"@type\":\"SearchAction\",\"target\":{\"@type\":\"EntryPoint\",\"urlTemplate\":\"https:\\\/\\\/www.tapahtumatehdasvakava.fi\\\/?s={search_term_string}\"},\"query-input\":{\"@type\":\"PropertyValueSpecification\",\"valueRequired\":true,\"valueName\":\"search_term_string\"}}],\"inLanguage\":\"fi\"},{\"@type\":\"Organization\",\"@id\":\"https:\\\/\\\/www.tapahtumatehdasvakava.fi\\\/#organization\",\"name\":\"Tapahtumatehdas Vakava\",\"url\":\"https:\\\/\\\/www.tapahtumatehdasvakava.fi\\\/\",\"logo\":{\"@type\":\"ImageObject\",\"inLanguage\":\"fi\",\"@id\":\"https:\\\/\\\/www.tapahtumatehdasvakava.fi\\\/#\\\/schema\\\/logo\\\/image\\\/\",\"url\":\"https:\\\/\\\/www.tapahtumatehdasvakava.fi\\\/wp-content\\\/uploads\\\/2024\\\/04\\\/Vakava-big-blk@2x.png\",\"contentUrl\":\"https:\\\/\\\/www.tapahtumatehdasvakava.fi\\\/wp-content\\\/uploads\\\/2024\\\/04\\\/Vakava-big-blk@2x.png\",\"width\":1090,\"height\":316,\"caption\":\"Tapahtumatehdas Vakava\"},\"image\":{\"@id\":\"https:\\\/\\\/www.tapahtumatehdasvakava.fi\\\/#\\\/schema\\\/logo\\\/image\\\/\"},\"sameAs\":[\"https:\\\/\\\/www.facebook.com\\\/profile.php?id=61559919908215\",\"https:\\\/\\\/www.instagram.com\\\/tapahtumatehdas_vakava\\\/\",\"https:\\\/\\\/www.linkedin.com\\\/company\\\/102408225\"]},{\"@type\":\"Person\",\"@id\":\"https:\\\/\\\/www.tapahtumatehdasvakava.fi\\\/#\\\/schema\\\/person\\\/52df2e67d0533904a1f22765db3a400d\",\"name\":\"Vakava\",\"image\":{\"@type\":\"ImageObject\",\"inLanguage\":\"fi\",\"@id\":\"https:\\\/\\\/secure.gravatar.com\\\/avatar\\\/62f1bfdd4ed31d24fe298f9332dcdee92d4c12c61905a01396ec64057d7fd8fd?s=96&d=mm&r=g\",\"url\":\"https:\\\/\\\/secure.gravatar.com\\\/avatar\\\/62f1bfdd4ed31d24fe298f9332dcdee92d4c12c61905a01396ec64057d7fd8fd?s=96&d=mm&r=g\",\"contentUrl\":\"https:\\\/\\\/secure.gravatar.com\\\/avatar\\\/62f1bfdd4ed31d24fe298f9332dcdee92d4c12c61905a01396ec64057d7fd8fd?s=96&d=mm&r=g\",\"caption\":\"Vakava\"},\"sameAs\":[\"http:\\\/\\\/www.tapahtumatehdasvakava.fi\"],\"url\":\"https:\\\/\\\/www.tapahtumatehdasvakava.fi\\\/?author=1\"}]}<\/script>\n<!-- \/ Yoast SEO plugin. -->","yoast_head_json":{"title":"Mit\u00e4 tehd\u00e4 tykyp\u00e4iv\u00e4n\u00e4? osa 1","description":"Mit\u00e4 tehd\u00e4 tykyp\u00e4iv\u00e4n\u00e4? Katso Vakavan vinkit tavoitteellisen tykyp\u00e4iv\u00e4n suunnitteluun. Kyll\u00e4, tykyp\u00e4iv\u00e4ll\u00e4 voi olla konkreettinen tavoite!","robots":{"index":"index","follow":"follow","max-snippet":"max-snippet:-1","max-image-preview":"max-image-preview:large","max-video-preview":"max-video-preview:-1"},"canonical":"https:\/\/www.tapahtumatehdasvakava.fi\/?p=824","og_locale":"fi_FI","og_type":"article","og_title":"Mit\u00e4 tehd\u00e4 tykyp\u00e4iv\u00e4n\u00e4?","og_description":"\u00c4\u00e4rett\u00f6mi\u00e4 vastauksia ikuisiin kysymyksiin, Vakavan tapaan.","og_url":"https:\/\/www.tapahtumatehdasvakava.fi\/?p=824","og_site_name":"Tapahtumatehdas Vakava","article_publisher":"https:\/\/www.facebook.com\/profile.php?id=61559919908215","article_published_time":"2024-07-09T09:58:59+00:00","article_modified_time":"2025-03-25T11:23:01+00:00","og_image":[{"url":"http:\/\/www.tapahtumatehdasvakava.fi\/wp-content\/uploads\/2024\/05\/1-1-1024x614.png","type":"","width":"","height":""}],"author":"Vakava","twitter_card":"summary_large_image","twitter_misc":{"Kirjoittanut":"Vakava","Arvioitu lukuaika":"3 minuuttia"},"schema":{"@context":"https:\/\/schema.org","@graph":[{"@type":"Article","@id":"https:\/\/www.tapahtumatehdasvakava.fi\/?p=824#article","isPartOf":{"@id":"https:\/\/www.tapahtumatehdasvakava.fi\/?p=824"},"author":{"name":"Vakava","@id":"https:\/\/www.tapahtumatehdasvakava.fi\/#\/schema\/person\/52df2e67d0533904a1f22765db3a400d"},"headline":"Mit\u00e4 tehd\u00e4 tykyp\u00e4iv\u00e4n\u00e4? osa 1","datePublished":"2024-07-09T09:58:59+00:00","dateModified":"2025-03-25T11:23:01+00:00","mainEntityOfPage":{"@id":"https:\/\/www.tapahtumatehdasvakava.fi\/?p=824"},"wordCount":395,"commentCount":0,"publisher":{"@id":"https:\/\/www.tapahtumatehdasvakava.fi\/#organization"},"image":{"@id":"https:\/\/www.tapahtumatehdasvakava.fi\/?p=824#primaryimage"},"thumbnailUrl":"http:\/\/www.tapahtumatehdasvakava.fi\/wp-content\/uploads\/2024\/05\/1-1-1024x614.png","keywords":["H\u00f6gforsin ruukki","Tyhyp\u00e4iv\u00e4","Tykyp\u00e4iv\u00e4","Virkistysp\u00e4iv\u00e4","Yritystapahtuma"],"articleSection":["Virkistysp\u00e4iv\u00e4t"],"inLanguage":"fi","potentialAction":[{"@type":"CommentAction","name":"Comment","target":["https:\/\/www.tapahtumatehdasvakava.fi\/?p=824#respond"]}]},{"@type":"WebPage","@id":"https:\/\/www.tapahtumatehdasvakava.fi\/?p=824","url":"https:\/\/www.tapahtumatehdasvakava.fi\/?p=824","name":"Mit\u00e4 tehd\u00e4 tykyp\u00e4iv\u00e4n\u00e4? osa 1","isPartOf":{"@id":"https:\/\/www.tapahtumatehdasvakava.fi\/#website"},"primaryImageOfPage":{"@id":"https:\/\/www.tapahtumatehdasvakava.fi\/?p=824#primaryimage"},"image":{"@id":"https:\/\/www.tapahtumatehdasvakava.fi\/?p=824#primaryimage"},"thumbnailUrl":"http:\/\/www.tapahtumatehdasvakava.fi\/wp-content\/uploads\/2024\/05\/1-1-1024x614.png","datePublished":"2024-07-09T09:58:59+00:00","dateModified":"2025-03-25T11:23:01+00:00","description":"Mit\u00e4 tehd\u00e4 tykyp\u00e4iv\u00e4n\u00e4? Katso Vakavan vinkit tavoitteellisen tykyp\u00e4iv\u00e4n suunnitteluun. Kyll\u00e4, tykyp\u00e4iv\u00e4ll\u00e4 voi olla konkreettinen tavoite!","breadcrumb":{"@id":"https:\/\/www.tapahtumatehdasvakava.fi\/?p=824#breadcrumb"},"inLanguage":"fi","potentialAction":[{"@type":"ReadAction","target":["https:\/\/www.tapahtumatehdasvakava.fi\/?p=824"]}]},{"@type":"ImageObject","inLanguage":"fi","@id":"https:\/\/www.tapahtumatehdasvakava.fi\/?p=824#primaryimage","url":"https:\/\/www.tapahtumatehdasvakava.fi\/wp-content\/uploads\/2024\/05\/1-1.png","contentUrl":"https:\/\/www.tapahtumatehdasvakava.fi\/wp-content\/uploads\/2024\/05\/1-1.png","width":5000,"height":3000},{"@type":"BreadcrumbList","@id":"https:\/\/www.tapahtumatehdasvakava.fi\/?p=824#breadcrumb","itemListElement":[{"@type":"ListItem","position":1,"name":"Etusivu","item":"https:\/\/www.tapahtumatehdasvakava.fi\/"},{"@type":"ListItem","position":2,"name":"Mit\u00e4 tehd\u00e4 tykyp\u00e4iv\u00e4n\u00e4? osa 1"}]},{"@type":"WebSite","@id":"https:\/\/www.tapahtumatehdasvakava.fi\/#website","url":"https:\/\/www.tapahtumatehdasvakava.fi\/","name":"Tapahtumatehdas Vakava","description":"Yritystapahtumat H&ouml;gforsin ruukkialueella Karkkilassa","publisher":{"@id":"https:\/\/www.tapahtumatehdasvakava.fi\/#organization"},"potentialAction":[{"@type":"SearchAction","target":{"@type":"EntryPoint","urlTemplate":"https:\/\/www.tapahtumatehdasvakava.fi\/?s={search_term_string}"},"query-input":{"@type":"PropertyValueSpecification","valueRequired":true,"valueName":"search_term_string"}}],"inLanguage":"fi"},{"@type":"Organization","@id":"https:\/\/www.tapahtumatehdasvakava.fi\/#organization","name":"Tapahtumatehdas Vakava","url":"https:\/\/www.tapahtumatehdasvakava.fi\/","logo":{"@type":"ImageObject","inLanguage":"fi","@id":"https:\/\/www.tapahtumatehdasvakava.fi\/#\/schema\/logo\/image\/","url":"https:\/\/www.tapahtumatehdasvakava.fi\/wp-content\/uploads\/2024\/04\/Vakava-big-blk@2x.png","contentUrl":"https:\/\/www.tapahtumatehdasvakava.fi\/wp-content\/uploads\/2024\/04\/Vakava-big-blk@2x.png","width":1090,"height":316,"caption":"Tapahtumatehdas Vakava"},"image":{"@id":"https:\/\/www.tapahtumatehdasvakava.fi\/#\/schema\/logo\/image\/"},"sameAs":["https:\/\/www.facebook.com\/profile.php?id=61559919908215","https:\/\/www.instagram.com\/tapahtumatehdas_vakava\/","https:\/\/www.linkedin.com\/company\/102408225"]},{"@type":"Person","@id":"https:\/\/www.tapahtumatehdasvakava.fi\/#\/schema\/person\/52df2e67d0533904a1f22765db3a400d","name":"Vakava","image":{"@type":"ImageObject","inLanguage":"fi","@id":"https:\/\/secure.gravatar.com\/avatar\/62f1bfdd4ed31d24fe298f9332dcdee92d4c12c61905a01396ec64057d7fd8fd?s=96&d=mm&r=g","url":"https:\/\/secure.gravatar.com\/avatar\/62f1bfdd4ed31d24fe298f9332dcdee92d4c12c61905a01396ec64057d7fd8fd?s=96&d=mm&r=g","contentUrl":"https:\/\/secure.gravatar.com\/avatar\/62f1bfdd4ed31d24fe298f9332dcdee92d4c12c61905a01396ec64057d7fd8fd?s=96&d=mm&r=g","caption":"Vakava"},"sameAs":["http:\/\/www.tapahtumatehdasvakava.fi"],"url":"https:\/\/www.tapahtumatehdasvakava.fi\/?author=1"}]}},"_links":{"self":[{"href":"https:\/\/www.tapahtumatehdasvakava.fi\/index.php?rest_route=\/wp\/v2\/posts\/824","targetHints":{"allow":["GET"]}}],"collection":[{"href":"https:\/\/www.tapahtumatehdasvakava.fi\/index.php?rest_route=\/wp\/v2\/posts"}],"about":[{"href":"https:\/\/www.tapahtumatehdasvakava.fi\/index.php?rest_route=\/wp\/v2\/types\/post"}],"author":[{"embeddable":true,"href":"https:\/\/www.tapahtumatehdasvakava.fi\/index.php?rest_route=\/wp\/v2\/users\/1"}],"replies":[{"embeddable":true,"href":"https:\/\/www.tapahtumatehdasvakava.fi\/index.php?rest_route=%2Fwp%2Fv2%2Fcomments&post=824"}],"version-history":[{"count":14,"href":"https:\/\/www.tapahtumatehdasvakava.fi\/index.php?rest_route=\/wp\/v2\/posts\/824\/revisions"}],"predecessor-version":[{"id":1188,"href":"https:\/\/www.tapahtumatehdasvakava.fi\/index.php?rest_route=\/wp\/v2\/posts\/824\/revisions\/1188"}],"wp:attachment":[{"href":"https:\/\/www.tapahtumatehdasvakava.fi\/index.php?rest_route=%2Fwp%2Fv2%2Fmedia&parent=824"}],"wp:term":[{"taxonomy":"category","embeddable":true,"href":"https:\/\/www.tapahtumatehdasvakava.fi\/index.php?rest_route=%2Fwp%2Fv2%2Fcategories&post=824"},{"taxonomy":"post_tag","embeddable":true,"href":"https:\/\/www.tapahtumatehdasvakava.fi\/index.php?rest_route=%2Fwp%2Fv2%2Ftags&post=824"}],"curies":[{"name":"wp","href":"https:\/\/api.w.org\/{rel}","templated":true}]}}