{"id":1133,"date":"2024-12-18T10:47:24","date_gmt":"2024-12-18T08:47:24","guid":{"rendered":"https:\/\/www.tapahtumatehdasvakava.fi\/?p=1133"},"modified":"2025-03-25T13:13:37","modified_gmt":"2025-03-25T11:13:37","slug":"mita-henkilostotapahtuma-maksaa","status":"publish","type":"post","link":"https:\/\/www.tapahtumatehdasvakava.fi\/?p=1133","title":{"rendered":"Mit\u00e4 henkil\u00f6st\u00f6tapahtuma maksaa?"},"content":{"rendered":"\n<p class=\"has-theme-palette-5-color has-text-color has-link-color wp-elements-12ec3abf80b9f2d0100ff9987c3470cc\">Tarkastellaanpa henkil\u00f6st\u00f6tapahtumia, kuten virkistysp\u00e4ivi\u00e4 taloudellisesta n\u00e4k\u00f6kulmasta.<\/p>\n\n\n\n<p class=\"has-theme-palette-5-color has-text-color has-link-color wp-elements-2fcd32c9acf8c1c0fe2ad001288a2672\">Kun koko henkil\u00f6kunta on poissa ty\u00f6paikalta henkil\u00f6st\u00f6tapahtuman vuoksi, yritys menett\u00e4\u00e4 ty\u00f6panoksen, joka muuten k\u00e4ytett\u00e4isiin p\u00e4ivitt\u00e4isten teht\u00e4vien hoitamiseen. T\u00e4m\u00e4 voi tuntua erityisen kalliilta organisaatioissa, joissa toiminnan on oltava keskeytykset\u00f6nt\u00e4.<\/p>\n\n\n\n<p class=\"has-theme-palette-5-color has-text-color has-link-color wp-elements-2d35ec91f00bea80f43b3441c726509b\">Esimerkiksi palvelualan yrityksess\u00e4 virkistysp\u00e4iv\u00e4 voi tarkoittaa menetettyj\u00e4 myyntip\u00e4ivi\u00e4 tai lis\u00e4\u00e4ntyneit\u00e4 kustannuksia vuokraty\u00f6voiman k\u00e4yt\u00f6st\u00e4. Toisaalta toimisto- ja asiantuntijaty\u00f6ss\u00e4 kustannus voi ilmet\u00e4 projektien etenemisen hidastumisena.<\/p>\n\n\n\n<p class=\"has-theme-palette-5-color has-text-color has-link-color wp-elements-9f1b3a95ceb21ab1c601e364cb37d46f\">Henkil\u00f6st\u00f6tapahtuman kustannus ei siis ole pelkk\u00e4 tapahtuman hinta.<\/p>\n\n\n\n<div style=\"height:25px\" aria-hidden=\"true\" class=\"wp-block-spacer\"><\/div>\n\n\n\n<h2 class=\"wp-block-heading has-theme-palette-5-color has-text-color has-link-color wp-elements-2a2a97211200a81e6be2164a6bd3f1e2\">Miten l\u00f6yt\u00e4\u00e4 kustannusten ja hy\u00f6tyjen tasapaino?<\/h2>\n\n\n\n<p class=\"has-theme-palette-5-color has-text-color has-link-color wp-elements-e846d62197a74203c502aedb0a9c506f\">Virkistysp\u00e4iv\u00e4 on kustannus, mutta se on my\u00f6s t\u00e4rke\u00e4 investointi henkil\u00f6st\u00f6n hyvinvointiin ja sitoutumiseen. Kohtuullisella budjetilla, huolellisella suunnittelulla ja tavoitteiden m\u00e4\u00e4rittelyll\u00e4 voidaan varmistaa, ett\u00e4 tapahtuma maksaa itsens\u00e4 takaisin.<\/p>\n\n\n\n<p class=\"has-theme-palette-5-color has-text-color has-link-color wp-elements-9f958690443c6d6a42732dc69f9aa9c6\">Henkil\u00f6st\u00f6tapahtuma voi olla kilpailuetu yritykselle, joka suhtautuu virkistysp\u00e4iviin strategisesti. Henkil\u00f6st\u00f6n hyvinvoinnista huolehtiminen parantaa tuottavuutta ja tukee sit\u00e4 kautta liiketoiminnan pitk\u00e4aikaista menestyst\u00e4.<\/p>\n\n\n\n<p class=\"has-theme-palette-5-color has-text-color has-link-color wp-elements-3ff6709e219f9a3a63c180f041788709\">Ty\u00f6uupumus ja siihen liittyv\u00e4t sairauspoissaolot voivat maksaa yritykselle huomattavia summia. Virkistysp\u00e4iv\u00e4 voi toimia ennaltaehk\u00e4isev\u00e4n\u00e4 toimenpiteen\u00e4, joka tukee ty\u00f6ntekij\u00f6iden jaksamista.<\/p>\n\n\n\n<p class=\"has-theme-palette-5-color has-text-color has-link-color wp-elements-82b3eaf93300aca76b0f08e7b373ae92\">Henkil\u00f6st\u00f6tapahtumalla voidaan parantaa ty\u00f6ntekij\u00f6iden sitoutumista yritykseen. Sitoutuneet ty\u00f6ntekij\u00e4t pysyv\u00e4t yrityksen palveluksessa pidemp\u00e4\u00e4n. Ty\u00f6ntekij\u00e4n vaihtaminen voi olla iso kustannus, kun lasketaan mukaan rekrytointi- ja perehdytyskulut.<\/p>\n\n\n\n<p class=\"has-theme-palette-5-color has-text-color has-link-color wp-elements-7c804a09991e827d0c0d9eaafa3539b6\">Kuuntele ty\u00f6ntekij\u00f6it\u00e4si, ja mieti mit\u00e4 konkreettisia tavoitteita asetat tapahtumalle. \u00c4l\u00e4 j\u00e4rjest\u00e4 &#8221;jotain vaan, koska on pakko&#8221;, vaan j\u00e4rjest\u00e4 jotain, joka oikeasti edist\u00e4\u00e4 yrityksesi asiaa.<\/p>\n\n\n\n<div style=\"height:25px\" aria-hidden=\"true\" class=\"wp-block-spacer\"><\/div>\n\n\n\n<h2 class=\"wp-block-heading has-theme-palette-5-color has-text-color has-link-color wp-elements-68d9599b1b0d39bae94ec7e42ae40f09\">Mik\u00e4 on sopiva budjetti henkil\u00f6st\u00f6tapahtumalle?<\/h2>\n\n\n\n<p class=\"has-theme-palette-5-color has-text-color has-link-color wp-elements-d9f326579bd2ee1a084df1d9ff951b2c\">Kohtuullinen budjetti riippuu yrityksen ja osallistuvan porukan koosta, taloudellisesta tilanteesta ja tapahtuman tavoitteista.<\/p>\n\n\n\n<p class=\"has-theme-palette-5-color has-text-color has-link-color wp-elements-8a9e3be6fccdc88d2e1676f3e32d70e1\">Ison porukan eurom\u00e4\u00e4r\u00e4inen budjetti henkil\u00f6\u00e4 kohden voi olla pienempi, koska kiinte\u00e4t kustannukset jakautuvat laajemmalle. Esimerkiksi tilavuokra tai jonkin aktiviteetin hinta saattaa olla sama riippumatta siit\u00e4, onko osallistujia kymmenen vai 30.<\/p>\n\n\n\n<p class=\"has-theme-palette-5-color has-text-color has-link-color wp-elements-1759d3599bc8f097e5762838408e3954\">Pienemmiss\u00e4 ryhmiss\u00e4 kustannukset henkil\u00f6\u00e4 kohden nousevat usein suhteessa korkeammiksi.<\/p>\n\n\n\n<p class=\"has-theme-palette-5-color has-text-color has-link-color wp-elements-cd618de89ad566c972cdc21709f53dbf\">Jos yrityksess\u00e4si on tapana j\u00e4rjest\u00e4\u00e4 joka osastolle oma henkil\u00f6st\u00f6tapahtuma, voisitteko harkita eri osastojen tapahtumien yhdist\u00e4mist\u00e4, jolloin kustannus osallistujaa kohden voi olla pienempi? Tai vastaavasti voitte saada samalla rahalla enemm\u00e4n.<\/p>\n\n\n\n<p class=\"has-theme-palette-5-color has-text-color has-link-color wp-elements-2c9788a1b810ce5ea29e49b030ae5da5\">Suuntaa antava minimibudjetti Tapahtumatehdas Vakavan j\u00e4rjest\u00e4m\u00e4\u00e4n henkil\u00f6st\u00f6tapahtumaan voisi olla 75\u20ac\/hl\u00f6 + alv., kun osallistujia on v\u00e4hint\u00e4\u00e4n kymmenen. T\u00e4h\u00e4n esimerkkibudjettiin t\u00e4ll\u00e4 osallistujam\u00e4\u00e4r\u00e4ll\u00e4 voi sis\u00e4lty\u00e4 esimerkiksi ruokailu ja yksi aktiviteetti.<\/p>\n\n\n\n<p class=\"has-theme-palette-5-color has-text-color has-link-color wp-elements-90fa68935fab9243a6f47bd86811dc58\"><a href=\"https:\/\/www.tapahtumatehdasvakava.fi\/?page_id=429\">Ota yhteytt\u00e4<\/a>, kerro mink\u00e4laisia tavoitteita haluat asettaa henkil\u00f6st\u00f6tapahtumalle. Katsotaan, mit\u00e4 voimme j\u00e4rjest\u00e4\u00e4 tavoitteidesi edist\u00e4miseksi.<\/p>\n\n\n\n<div style=\"height:25px\" aria-hidden=\"true\" class=\"wp-block-spacer\"><\/div>\n\n\n\n<p><\/p>\n\n\n\n<figure class=\"wp-block-image size-large is-resized\"><img loading=\"lazy\" decoding=\"async\" width=\"1024\" height=\"748\" src=\"https:\/\/www.tapahtumatehdasvakava.fi\/wp-content\/uploads\/2024\/12\/rajattu_maalaus_Still-2024-08-15-110659_1.13.1-1024x748.jpg\" alt=\"Henkil\u00f6st\u00f6tapahtuman erilaiset aktiviteetit voivat edist\u00e4\u00e4 ty\u00f6ntekij\u00f6iden hyvinvointia.\" class=\"wp-image-1136\" style=\"width:533px;height:auto\" srcset=\"https:\/\/www.tapahtumatehdasvakava.fi\/wp-content\/uploads\/2024\/12\/rajattu_maalaus_Still-2024-08-15-110659_1.13.1-1024x748.jpg 1024w, https:\/\/www.tapahtumatehdasvakava.fi\/wp-content\/uploads\/2024\/12\/rajattu_maalaus_Still-2024-08-15-110659_1.13.1-300x219.jpg 300w, https:\/\/www.tapahtumatehdasvakava.fi\/wp-content\/uploads\/2024\/12\/rajattu_maalaus_Still-2024-08-15-110659_1.13.1-768x561.jpg 768w, https:\/\/www.tapahtumatehdasvakava.fi\/wp-content\/uploads\/2024\/12\/rajattu_maalaus_Still-2024-08-15-110659_1.13.1-1536x1121.jpg 1536w, https:\/\/www.tapahtumatehdasvakava.fi\/wp-content\/uploads\/2024\/12\/rajattu_maalaus_Still-2024-08-15-110659_1.13.1-2048x1495.jpg 2048w\" sizes=\"auto, (max-width: 1024px) 100vw, 1024px\" \/><\/figure>\n","protected":false},"excerpt":{"rendered":"<p>Tarkastellaanpa henkil\u00f6st\u00f6tapahtumia, kuten virkistysp\u00e4ivi\u00e4 taloudellisesta n\u00e4k\u00f6kulmasta. Kun koko henkil\u00f6kunta on poissa ty\u00f6paikalta henkil\u00f6st\u00f6tapahtuman vuoksi, yritys menett\u00e4\u00e4 ty\u00f6panoksen, joka muuten k\u00e4ytett\u00e4isiin p\u00e4ivitt\u00e4isten teht\u00e4vien hoitamiseen. T\u00e4m\u00e4 voi tuntua erityisen kalliilta organisaatioissa, joissa toiminnan on oltava keskeytykset\u00f6nt\u00e4. Esimerkiksi palvelualan yrityksess\u00e4 virkistysp\u00e4iv\u00e4 voi tarkoittaa menetettyj\u00e4 myyntip\u00e4ivi\u00e4 tai lis\u00e4\u00e4ntyneit\u00e4 kustannuksia vuokraty\u00f6voiman k\u00e4yt\u00f6st\u00e4. Toisaalta toimisto- ja asiantuntijaty\u00f6ss\u00e4 kustannus voi ilmet\u00e4 projektien&#8230;<\/p>\n","protected":false},"author":1,"featured_media":0,"comment_status":"open","ping_status":"open","sticky":false,"template":"","format":"standard","meta":{"_kadence_starter_templates_imported_post":false,"_kad_post_transparent":"","_kad_post_title":"","_kad_post_layout":"","_kad_post_sidebar_id":"","_kad_post_content_style":"","_kad_post_vertical_padding":"","_kad_post_feature":"","_kad_post_feature_position":"","_kad_post_header":false,"_kad_post_footer":false,"_kad_post_classname":"","iawp_total_views":25,"footnotes":""},"categories":[5],"tags":[15,7,8,9],"class_list":["post-1133","post","type-post","status-publish","format-standard","hentry","category-virkistyspaivat","tag-henkilostotapahtuma","tag-tyhypaiva","tag-tykypaiva","tag-virkistyspaiva"],"yoast_head":"<!-- This site is optimized with the Yoast SEO plugin v27.4 - https:\/\/yoast.com\/product\/yoast-seo-wordpress\/ -->\n<title>Mit\u00e4 henkil\u00f6st\u00f6tapahtuma maksaa? - Tapahtumatehdas Vakava<\/title>\n<meta name=\"description\" content=\"Miten arvioida henkil\u00f6st\u00f6tapahtuman kustannuksia ja sopivaa budjettia? Kustannuksia voi ja kannattaa arvioida suhteessa hy\u00f6tyihin.\" \/>\n<meta name=\"robots\" content=\"index, follow, max-snippet:-1, max-image-preview:large, max-video-preview:-1\" \/>\n<link rel=\"canonical\" href=\"https:\/\/www.tapahtumatehdasvakava.fi\/?p=1133\" \/>\n<meta property=\"og:locale\" content=\"fi_FI\" \/>\n<meta property=\"og:type\" content=\"article\" \/>\n<meta property=\"og:title\" content=\"Mit\u00e4 maksaa henkil\u00f6st\u00f6tapahtuma?\" \/>\n<meta property=\"og:description\" content=\"Miten arvioida henkil\u00f6st\u00f6tapahtuman kustannuksia ja sopivaa budjettia? Kustannuksia voi ja kannattaa arvioida suhteessa hy\u00f6tyihin.\" \/>\n<meta property=\"og:url\" content=\"https:\/\/www.tapahtumatehdasvakava.fi\/?p=1133\" \/>\n<meta property=\"og:site_name\" content=\"Tapahtumatehdas Vakava\" \/>\n<meta property=\"article:publisher\" content=\"https:\/\/www.facebook.com\/profile.php?id=61559919908215\" \/>\n<meta property=\"article:published_time\" content=\"2024-12-18T08:47:24+00:00\" \/>\n<meta property=\"article:modified_time\" content=\"2025-03-25T11:13:37+00:00\" \/>\n<meta property=\"og:image\" content=\"https:\/\/www.tapahtumatehdasvakava.fi\/wp-content\/uploads\/2024\/12\/rajattu_maalaus_Still-2024-08-15-110659_1.13.1-scaled.jpg\" \/>\n\t<meta property=\"og:image:width\" content=\"2560\" \/>\n\t<meta property=\"og:image:height\" content=\"1869\" \/>\n\t<meta property=\"og:image:type\" content=\"image\/jpeg\" \/>\n<meta name=\"author\" content=\"Vakava\" \/>\n<meta name=\"twitter:card\" content=\"summary_large_image\" \/>\n<meta name=\"twitter:label1\" content=\"Kirjoittanut\" \/>\n\t<meta name=\"twitter:data1\" content=\"Vakava\" \/>\n\t<meta name=\"twitter:label2\" content=\"Arvioitu lukuaika\" \/>\n\t<meta name=\"twitter:data2\" content=\"3 minuuttia\" \/>\n<script type=\"application\/ld+json\" class=\"yoast-schema-graph\">{\"@context\":\"https:\\\/\\\/schema.org\",\"@graph\":[{\"@type\":\"Article\",\"@id\":\"https:\\\/\\\/www.tapahtumatehdasvakava.fi\\\/?p=1133#article\",\"isPartOf\":{\"@id\":\"https:\\\/\\\/www.tapahtumatehdasvakava.fi\\\/?p=1133\"},\"author\":{\"name\":\"Vakava\",\"@id\":\"https:\\\/\\\/www.tapahtumatehdasvakava.fi\\\/#\\\/schema\\\/person\\\/52df2e67d0533904a1f22765db3a400d\"},\"headline\":\"Mit\u00e4 henkil\u00f6st\u00f6tapahtuma maksaa?\",\"datePublished\":\"2024-12-18T08:47:24+00:00\",\"dateModified\":\"2025-03-25T11:13:37+00:00\",\"mainEntityOfPage\":{\"@id\":\"https:\\\/\\\/www.tapahtumatehdasvakava.fi\\\/?p=1133\"},\"wordCount\":408,\"commentCount\":0,\"publisher\":{\"@id\":\"https:\\\/\\\/www.tapahtumatehdasvakava.fi\\\/#organization\"},\"image\":{\"@id\":\"https:\\\/\\\/www.tapahtumatehdasvakava.fi\\\/?p=1133#primaryimage\"},\"thumbnailUrl\":\"http:\\\/\\\/www.tapahtumatehdasvakava.fi\\\/wp-content\\\/uploads\\\/2024\\\/12\\\/rajattu_maalaus_Still-2024-08-15-110659_1.13.1-1024x748.jpg\",\"keywords\":[\"Henkil\u00f6st\u00f6tapahtuma\",\"Tyhyp\u00e4iv\u00e4\",\"Tykyp\u00e4iv\u00e4\",\"Virkistysp\u00e4iv\u00e4\"],\"articleSection\":[\"Virkistysp\u00e4iv\u00e4t\"],\"inLanguage\":\"fi\",\"potentialAction\":[{\"@type\":\"CommentAction\",\"name\":\"Comment\",\"target\":[\"https:\\\/\\\/www.tapahtumatehdasvakava.fi\\\/?p=1133#respond\"]}]},{\"@type\":\"WebPage\",\"@id\":\"https:\\\/\\\/www.tapahtumatehdasvakava.fi\\\/?p=1133\",\"url\":\"https:\\\/\\\/www.tapahtumatehdasvakava.fi\\\/?p=1133\",\"name\":\"Mit\u00e4 henkil\u00f6st\u00f6tapahtuma maksaa? - Tapahtumatehdas Vakava\",\"isPartOf\":{\"@id\":\"https:\\\/\\\/www.tapahtumatehdasvakava.fi\\\/#website\"},\"primaryImageOfPage\":{\"@id\":\"https:\\\/\\\/www.tapahtumatehdasvakava.fi\\\/?p=1133#primaryimage\"},\"image\":{\"@id\":\"https:\\\/\\\/www.tapahtumatehdasvakava.fi\\\/?p=1133#primaryimage\"},\"thumbnailUrl\":\"http:\\\/\\\/www.tapahtumatehdasvakava.fi\\\/wp-content\\\/uploads\\\/2024\\\/12\\\/rajattu_maalaus_Still-2024-08-15-110659_1.13.1-1024x748.jpg\",\"datePublished\":\"2024-12-18T08:47:24+00:00\",\"dateModified\":\"2025-03-25T11:13:37+00:00\",\"description\":\"Miten arvioida henkil\u00f6st\u00f6tapahtuman kustannuksia ja sopivaa budjettia? Kustannuksia voi ja kannattaa arvioida suhteessa hy\u00f6tyihin.\",\"breadcrumb\":{\"@id\":\"https:\\\/\\\/www.tapahtumatehdasvakava.fi\\\/?p=1133#breadcrumb\"},\"inLanguage\":\"fi\",\"potentialAction\":[{\"@type\":\"ReadAction\",\"target\":[\"https:\\\/\\\/www.tapahtumatehdasvakava.fi\\\/?p=1133\"]}]},{\"@type\":\"ImageObject\",\"inLanguage\":\"fi\",\"@id\":\"https:\\\/\\\/www.tapahtumatehdasvakava.fi\\\/?p=1133#primaryimage\",\"url\":\"https:\\\/\\\/www.tapahtumatehdasvakava.fi\\\/wp-content\\\/uploads\\\/2024\\\/12\\\/rajattu_maalaus_Still-2024-08-15-110659_1.13.1-scaled.jpg\",\"contentUrl\":\"https:\\\/\\\/www.tapahtumatehdasvakava.fi\\\/wp-content\\\/uploads\\\/2024\\\/12\\\/rajattu_maalaus_Still-2024-08-15-110659_1.13.1-scaled.jpg\",\"width\":2560,\"height\":1869},{\"@type\":\"BreadcrumbList\",\"@id\":\"https:\\\/\\\/www.tapahtumatehdasvakava.fi\\\/?p=1133#breadcrumb\",\"itemListElement\":[{\"@type\":\"ListItem\",\"position\":1,\"name\":\"Etusivu\",\"item\":\"https:\\\/\\\/www.tapahtumatehdasvakava.fi\\\/\"},{\"@type\":\"ListItem\",\"position\":2,\"name\":\"Mit\u00e4 henkil\u00f6st\u00f6tapahtuma maksaa?\"}]},{\"@type\":\"WebSite\",\"@id\":\"https:\\\/\\\/www.tapahtumatehdasvakava.fi\\\/#website\",\"url\":\"https:\\\/\\\/www.tapahtumatehdasvakava.fi\\\/\",\"name\":\"Tapahtumatehdas Vakava\",\"description\":\"Yritystapahtumat H&ouml;gforsin ruukkialueella Karkkilassa\",\"publisher\":{\"@id\":\"https:\\\/\\\/www.tapahtumatehdasvakava.fi\\\/#organization\"},\"potentialAction\":[{\"@type\":\"SearchAction\",\"target\":{\"@type\":\"EntryPoint\",\"urlTemplate\":\"https:\\\/\\\/www.tapahtumatehdasvakava.fi\\\/?s={search_term_string}\"},\"query-input\":{\"@type\":\"PropertyValueSpecification\",\"valueRequired\":true,\"valueName\":\"search_term_string\"}}],\"inLanguage\":\"fi\"},{\"@type\":\"Organization\",\"@id\":\"https:\\\/\\\/www.tapahtumatehdasvakava.fi\\\/#organization\",\"name\":\"Tapahtumatehdas Vakava\",\"url\":\"https:\\\/\\\/www.tapahtumatehdasvakava.fi\\\/\",\"logo\":{\"@type\":\"ImageObject\",\"inLanguage\":\"fi\",\"@id\":\"https:\\\/\\\/www.tapahtumatehdasvakava.fi\\\/#\\\/schema\\\/logo\\\/image\\\/\",\"url\":\"https:\\\/\\\/www.tapahtumatehdasvakava.fi\\\/wp-content\\\/uploads\\\/2024\\\/04\\\/Vakava-big-blk@2x.png\",\"contentUrl\":\"https:\\\/\\\/www.tapahtumatehdasvakava.fi\\\/wp-content\\\/uploads\\\/2024\\\/04\\\/Vakava-big-blk@2x.png\",\"width\":1090,\"height\":316,\"caption\":\"Tapahtumatehdas Vakava\"},\"image\":{\"@id\":\"https:\\\/\\\/www.tapahtumatehdasvakava.fi\\\/#\\\/schema\\\/logo\\\/image\\\/\"},\"sameAs\":[\"https:\\\/\\\/www.facebook.com\\\/profile.php?id=61559919908215\",\"https:\\\/\\\/www.instagram.com\\\/tapahtumatehdas_vakava\\\/\",\"https:\\\/\\\/www.linkedin.com\\\/company\\\/102408225\"]},{\"@type\":\"Person\",\"@id\":\"https:\\\/\\\/www.tapahtumatehdasvakava.fi\\\/#\\\/schema\\\/person\\\/52df2e67d0533904a1f22765db3a400d\",\"name\":\"Vakava\",\"image\":{\"@type\":\"ImageObject\",\"inLanguage\":\"fi\",\"@id\":\"https:\\\/\\\/secure.gravatar.com\\\/avatar\\\/62f1bfdd4ed31d24fe298f9332dcdee92d4c12c61905a01396ec64057d7fd8fd?s=96&d=mm&r=g\",\"url\":\"https:\\\/\\\/secure.gravatar.com\\\/avatar\\\/62f1bfdd4ed31d24fe298f9332dcdee92d4c12c61905a01396ec64057d7fd8fd?s=96&d=mm&r=g\",\"contentUrl\":\"https:\\\/\\\/secure.gravatar.com\\\/avatar\\\/62f1bfdd4ed31d24fe298f9332dcdee92d4c12c61905a01396ec64057d7fd8fd?s=96&d=mm&r=g\",\"caption\":\"Vakava\"},\"sameAs\":[\"http:\\\/\\\/www.tapahtumatehdasvakava.fi\"],\"url\":\"https:\\\/\\\/www.tapahtumatehdasvakava.fi\\\/?author=1\"}]}<\/script>\n<!-- \/ Yoast SEO plugin. -->","yoast_head_json":{"title":"Mit\u00e4 henkil\u00f6st\u00f6tapahtuma maksaa? - Tapahtumatehdas Vakava","description":"Miten arvioida henkil\u00f6st\u00f6tapahtuman kustannuksia ja sopivaa budjettia? Kustannuksia voi ja kannattaa arvioida suhteessa hy\u00f6tyihin.","robots":{"index":"index","follow":"follow","max-snippet":"max-snippet:-1","max-image-preview":"max-image-preview:large","max-video-preview":"max-video-preview:-1"},"canonical":"https:\/\/www.tapahtumatehdasvakava.fi\/?p=1133","og_locale":"fi_FI","og_type":"article","og_title":"Mit\u00e4 maksaa henkil\u00f6st\u00f6tapahtuma?","og_description":"Miten arvioida henkil\u00f6st\u00f6tapahtuman kustannuksia ja sopivaa budjettia? Kustannuksia voi ja kannattaa arvioida suhteessa hy\u00f6tyihin.","og_url":"https:\/\/www.tapahtumatehdasvakava.fi\/?p=1133","og_site_name":"Tapahtumatehdas Vakava","article_publisher":"https:\/\/www.facebook.com\/profile.php?id=61559919908215","article_published_time":"2024-12-18T08:47:24+00:00","article_modified_time":"2025-03-25T11:13:37+00:00","og_image":[{"width":2560,"height":1869,"url":"https:\/\/www.tapahtumatehdasvakava.fi\/wp-content\/uploads\/2024\/12\/rajattu_maalaus_Still-2024-08-15-110659_1.13.1-scaled.jpg","type":"image\/jpeg"}],"author":"Vakava","twitter_card":"summary_large_image","twitter_misc":{"Kirjoittanut":"Vakava","Arvioitu lukuaika":"3 minuuttia"},"schema":{"@context":"https:\/\/schema.org","@graph":[{"@type":"Article","@id":"https:\/\/www.tapahtumatehdasvakava.fi\/?p=1133#article","isPartOf":{"@id":"https:\/\/www.tapahtumatehdasvakava.fi\/?p=1133"},"author":{"name":"Vakava","@id":"https:\/\/www.tapahtumatehdasvakava.fi\/#\/schema\/person\/52df2e67d0533904a1f22765db3a400d"},"headline":"Mit\u00e4 henkil\u00f6st\u00f6tapahtuma maksaa?","datePublished":"2024-12-18T08:47:24+00:00","dateModified":"2025-03-25T11:13:37+00:00","mainEntityOfPage":{"@id":"https:\/\/www.tapahtumatehdasvakava.fi\/?p=1133"},"wordCount":408,"commentCount":0,"publisher":{"@id":"https:\/\/www.tapahtumatehdasvakava.fi\/#organization"},"image":{"@id":"https:\/\/www.tapahtumatehdasvakava.fi\/?p=1133#primaryimage"},"thumbnailUrl":"http:\/\/www.tapahtumatehdasvakava.fi\/wp-content\/uploads\/2024\/12\/rajattu_maalaus_Still-2024-08-15-110659_1.13.1-1024x748.jpg","keywords":["Henkil\u00f6st\u00f6tapahtuma","Tyhyp\u00e4iv\u00e4","Tykyp\u00e4iv\u00e4","Virkistysp\u00e4iv\u00e4"],"articleSection":["Virkistysp\u00e4iv\u00e4t"],"inLanguage":"fi","potentialAction":[{"@type":"CommentAction","name":"Comment","target":["https:\/\/www.tapahtumatehdasvakava.fi\/?p=1133#respond"]}]},{"@type":"WebPage","@id":"https:\/\/www.tapahtumatehdasvakava.fi\/?p=1133","url":"https:\/\/www.tapahtumatehdasvakava.fi\/?p=1133","name":"Mit\u00e4 henkil\u00f6st\u00f6tapahtuma maksaa? - Tapahtumatehdas Vakava","isPartOf":{"@id":"https:\/\/www.tapahtumatehdasvakava.fi\/#website"},"primaryImageOfPage":{"@id":"https:\/\/www.tapahtumatehdasvakava.fi\/?p=1133#primaryimage"},"image":{"@id":"https:\/\/www.tapahtumatehdasvakava.fi\/?p=1133#primaryimage"},"thumbnailUrl":"http:\/\/www.tapahtumatehdasvakava.fi\/wp-content\/uploads\/2024\/12\/rajattu_maalaus_Still-2024-08-15-110659_1.13.1-1024x748.jpg","datePublished":"2024-12-18T08:47:24+00:00","dateModified":"2025-03-25T11:13:37+00:00","description":"Miten arvioida henkil\u00f6st\u00f6tapahtuman kustannuksia ja sopivaa budjettia? Kustannuksia voi ja kannattaa arvioida suhteessa hy\u00f6tyihin.","breadcrumb":{"@id":"https:\/\/www.tapahtumatehdasvakava.fi\/?p=1133#breadcrumb"},"inLanguage":"fi","potentialAction":[{"@type":"ReadAction","target":["https:\/\/www.tapahtumatehdasvakava.fi\/?p=1133"]}]},{"@type":"ImageObject","inLanguage":"fi","@id":"https:\/\/www.tapahtumatehdasvakava.fi\/?p=1133#primaryimage","url":"https:\/\/www.tapahtumatehdasvakava.fi\/wp-content\/uploads\/2024\/12\/rajattu_maalaus_Still-2024-08-15-110659_1.13.1-scaled.jpg","contentUrl":"https:\/\/www.tapahtumatehdasvakava.fi\/wp-content\/uploads\/2024\/12\/rajattu_maalaus_Still-2024-08-15-110659_1.13.1-scaled.jpg","width":2560,"height":1869},{"@type":"BreadcrumbList","@id":"https:\/\/www.tapahtumatehdasvakava.fi\/?p=1133#breadcrumb","itemListElement":[{"@type":"ListItem","position":1,"name":"Etusivu","item":"https:\/\/www.tapahtumatehdasvakava.fi\/"},{"@type":"ListItem","position":2,"name":"Mit\u00e4 henkil\u00f6st\u00f6tapahtuma maksaa?"}]},{"@type":"WebSite","@id":"https:\/\/www.tapahtumatehdasvakava.fi\/#website","url":"https:\/\/www.tapahtumatehdasvakava.fi\/","name":"Tapahtumatehdas Vakava","description":"Yritystapahtumat H&ouml;gforsin ruukkialueella Karkkilassa","publisher":{"@id":"https:\/\/www.tapahtumatehdasvakava.fi\/#organization"},"potentialAction":[{"@type":"SearchAction","target":{"@type":"EntryPoint","urlTemplate":"https:\/\/www.tapahtumatehdasvakava.fi\/?s={search_term_string}"},"query-input":{"@type":"PropertyValueSpecification","valueRequired":true,"valueName":"search_term_string"}}],"inLanguage":"fi"},{"@type":"Organization","@id":"https:\/\/www.tapahtumatehdasvakava.fi\/#organization","name":"Tapahtumatehdas Vakava","url":"https:\/\/www.tapahtumatehdasvakava.fi\/","logo":{"@type":"ImageObject","inLanguage":"fi","@id":"https:\/\/www.tapahtumatehdasvakava.fi\/#\/schema\/logo\/image\/","url":"https:\/\/www.tapahtumatehdasvakava.fi\/wp-content\/uploads\/2024\/04\/Vakava-big-blk@2x.png","contentUrl":"https:\/\/www.tapahtumatehdasvakava.fi\/wp-content\/uploads\/2024\/04\/Vakava-big-blk@2x.png","width":1090,"height":316,"caption":"Tapahtumatehdas Vakava"},"image":{"@id":"https:\/\/www.tapahtumatehdasvakava.fi\/#\/schema\/logo\/image\/"},"sameAs":["https:\/\/www.facebook.com\/profile.php?id=61559919908215","https:\/\/www.instagram.com\/tapahtumatehdas_vakava\/","https:\/\/www.linkedin.com\/company\/102408225"]},{"@type":"Person","@id":"https:\/\/www.tapahtumatehdasvakava.fi\/#\/schema\/person\/52df2e67d0533904a1f22765db3a400d","name":"Vakava","image":{"@type":"ImageObject","inLanguage":"fi","@id":"https:\/\/secure.gravatar.com\/avatar\/62f1bfdd4ed31d24fe298f9332dcdee92d4c12c61905a01396ec64057d7fd8fd?s=96&d=mm&r=g","url":"https:\/\/secure.gravatar.com\/avatar\/62f1bfdd4ed31d24fe298f9332dcdee92d4c12c61905a01396ec64057d7fd8fd?s=96&d=mm&r=g","contentUrl":"https:\/\/secure.gravatar.com\/avatar\/62f1bfdd4ed31d24fe298f9332dcdee92d4c12c61905a01396ec64057d7fd8fd?s=96&d=mm&r=g","caption":"Vakava"},"sameAs":["http:\/\/www.tapahtumatehdasvakava.fi"],"url":"https:\/\/www.tapahtumatehdasvakava.fi\/?author=1"}]}},"_links":{"self":[{"href":"https:\/\/www.tapahtumatehdasvakava.fi\/index.php?rest_route=\/wp\/v2\/posts\/1133","targetHints":{"allow":["GET"]}}],"collection":[{"href":"https:\/\/www.tapahtumatehdasvakava.fi\/index.php?rest_route=\/wp\/v2\/posts"}],"about":[{"href":"https:\/\/www.tapahtumatehdasvakava.fi\/index.php?rest_route=\/wp\/v2\/types\/post"}],"author":[{"embeddable":true,"href":"https:\/\/www.tapahtumatehdasvakava.fi\/index.php?rest_route=\/wp\/v2\/users\/1"}],"replies":[{"embeddable":true,"href":"https:\/\/www.tapahtumatehdasvakava.fi\/index.php?rest_route=%2Fwp%2Fv2%2Fcomments&post=1133"}],"version-history":[{"count":6,"href":"https:\/\/www.tapahtumatehdasvakava.fi\/index.php?rest_route=\/wp\/v2\/posts\/1133\/revisions"}],"predecessor-version":[{"id":1176,"href":"https:\/\/www.tapahtumatehdasvakava.fi\/index.php?rest_route=\/wp\/v2\/posts\/1133\/revisions\/1176"}],"wp:attachment":[{"href":"https:\/\/www.tapahtumatehdasvakava.fi\/index.php?rest_route=%2Fwp%2Fv2%2Fmedia&parent=1133"}],"wp:term":[{"taxonomy":"category","embeddable":true,"href":"https:\/\/www.tapahtumatehdasvakava.fi\/index.php?rest_route=%2Fwp%2Fv2%2Fcategories&post=1133"},{"taxonomy":"post_tag","embeddable":true,"href":"https:\/\/www.tapahtumatehdasvakava.fi\/index.php?rest_route=%2Fwp%2Fv2%2Ftags&post=1133"}],"curies":[{"name":"wp","href":"https:\/\/api.w.org\/{rel}","templated":true}]}}