{"id":1114,"date":"2024-11-18T11:42:05","date_gmt":"2024-11-18T09:42:05","guid":{"rendered":"https:\/\/www.tapahtumatehdasvakava.fi\/?p=1114"},"modified":"2024-11-18T11:42:20","modified_gmt":"2024-11-18T09:42:20","slug":"kauan-odotettu-finaalijuoksu-alkaa-an-yy-tee","status":"publish","type":"post","link":"https:\/\/www.tapahtumatehdasvakava.fi\/?p=1114","title":{"rendered":"Kauan odotettu finaalijuoksu alkaa. \u00c4n. Yy. Tee."},"content":{"rendered":"\n<p><em>(T\u00e4m\u00e4 teksti on kopioitu Tapahtumatehdas Vakavan s\u00e4hk\u00f6postiviestist\u00e4.<\/em>)<\/p>\n\n\n\n<div style=\"height:40px\" aria-hidden=\"true\" class=\"wp-block-spacer\"><\/div>\n\n\n\n<p id=\"ember650\">Ilmassa on suuren urheilujuhlan tuntua. Olympialaisten 100 metrin finaali on alkamassa.<\/p>\n\n\n\n<p id=\"ember651\">Juoksijat asettuvat l\u00e4ht\u00f6telineisiins\u00e4.<\/p>\n\n\n\n<p id=\"ember652\">Paikoillanne. Valmiit.<\/p>\n\n\n\n<div style=\"height:25px\" aria-hidden=\"true\" class=\"wp-block-spacer\"><\/div>\n\n\n\n<p id=\"ember654\"><strong>PAM<\/strong><\/p>\n\n\n\n<div style=\"height:25px\" aria-hidden=\"true\" class=\"wp-block-spacer\"><\/div>\n\n\n\n<p id=\"ember656\">Ei voi olla totta, ratarikko heti l\u00e4hd\u00f6ss\u00e4. Karl Marx ampaisee ulkoradalta suoraan vasempaan laitaan.<\/p>\n\n\n\n<p id=\"ember657\">Menness\u00e4\u00e4n h\u00e4n taklaa kumoon Tim Berners-Leen, internetin keksij\u00e4n.<\/p>\n\n\n\n<p id=\"ember658\"><em>\u201dMin\u00e4 sulle vallankumouksen n\u00e4yt\u00e4n!\u201d<\/em> kiroaa Berners-Lee, tekee kuperkeikan ja jatkaa juoksuaan.<\/p>\n\n\n\n<div style=\"height:25px\" aria-hidden=\"true\" class=\"wp-block-spacer\"><\/div>\n\n\n\n<p id=\"ember660\">Mit\u00e4 tapahtuu keskiradalla! Yleis\u00f6 kohahtaa j\u00e4nnityksest\u00e4.<\/p>\n\n\n\n<p id=\"ember661\">Nuori Mark Zuckerberg on saanut hyv\u00e4n l\u00e4hd\u00f6n. H\u00e4n kaivaa taskustaan itkunauruhymi\u00f6it\u00e4 ja heittelee niit\u00e4 viereisell\u00e4 radalla juoksevan Johannes Gutenbergin jalkoihin. Gutenbergin piikkarit tarrautuvat rataan ja h\u00e4n kompuroi.<\/p>\n\n\n\n<div style=\"height:25px\" aria-hidden=\"true\" class=\"wp-block-spacer\"><\/div>\n\n\n\n<p id=\"ember663\">Kuutosradalla AI-botti on j\u00e4\u00e4nyt l\u00e4ht\u00f6telineisiins\u00e4, mutta kiihdytt\u00e4\u00e4 nyt hurjaan vauhtiin ja siirtyy suoraan kilpailun k\u00e4rkeen.<\/p>\n\n\n\n<div style=\"height:25px\" aria-hidden=\"true\" class=\"wp-block-spacer\"><\/div>\n\n\n\n<p id=\"ember665\">Kolmosradalla Platon ker\u00e4ilee tunikansa helmoja ja ottaa pari verkkaista askelta. H\u00e4n n\u00e4ytt\u00e4\u00e4 miettiv\u00e4n ankarasti.<\/p>\n\n\n\n<p id=\"ember666\">Yht\u00e4kki\u00e4, kaikkien h\u00e4mm\u00e4stykseksi Platon palaa juoksuradan alkuun, riisuu nahkasandaalinsa, ojentaa ne paljasjalkaiselle orjalleen ja k\u00e4skee h\u00e4nen juosta puolestaan.<\/p>\n\n\n\n<div style=\"height:25px\" aria-hidden=\"true\" class=\"wp-block-spacer\"><\/div>\n\n\n\n<p id=\"ember668\">Tuulipukuun sonnustautunut Minna Canth l\u00e4htee hurjaan takaa-ajoon. H\u00e4nen l\u00e4ht\u00f6viivansa on kymmenen metri\u00e4 muita kilpailijoita taaempana.<\/p>\n\n\n\n<div style=\"height:25px\" aria-hidden=\"true\" class=\"wp-block-spacer\"><\/div>\n\n\n\n<p id=\"ember670\">Gutenberg on saanut juoksurytmins\u00e4 takaisin. H\u00e4n vet\u00e4isee hihastaan lentolehtisi\u00e4 ja viskoo ne ilmaan. Yksi lenn\u00e4ht\u00e4\u00e4 suoraan Zuckerbergin kasvoille.<\/p>\n\n\n\n<p id=\"ember671\">Zuckerberg kompuroi. <em>\u201dThis is fake news! Ha ha!\u201d<\/em> h\u00e4n lukee lehtisest\u00e4 ja sisuuntuu entisest\u00e4\u00e4n.<\/p>\n\n\n\n<div style=\"height:25px\" aria-hidden=\"true\" class=\"wp-block-spacer\"><\/div>\n\n\n\n<p id=\"ember673\">Yleis\u00f6 kohahtaa j\u00e4lleen. James Watt on saanut h\u00f6yrykoneensa k\u00e4yntiin radalla viisi. Hikipisarat kohoavat Wattin otsalle, h\u00e4n irvist\u00e4\u00e4 ja saa koneensa vaivoin liikkeelle.<\/p>\n\n\n\n<div style=\"height:25px\" aria-hidden=\"true\" class=\"wp-block-spacer\"><\/div>\n\n\n\n<p id=\"ember675\">Mutta mit\u00e4 nyt tapahtuu!<\/p>\n\n\n\n<p id=\"ember676\">Sin\u00e4 \u2013 <em>niin, juuri <\/em><strong><em>Sin\u00e4<\/em><\/strong><strong> <\/strong>\u2013 h\u00f6rpp\u00e4\u00e4t viimeiset kahvit mukistasi, heit\u00e4t aamutakin katsomoon, laitat crocsien lenkit kantap\u00e4iden taakse ja pinkaiset radalle.<\/p>\n\n\n\n<p id=\"ember677\">Saavutat k\u00e4rjess\u00e4 viilett\u00e4v\u00e4n AI-botin. Maaliviiva l\u00e4hestyy.<\/p>\n\n\n\n<p id=\"ember678\">Kurkotat k\u00e4tt\u00e4si kohti bottia. <em>\u201dSystem rebooting\u201d<\/em>, kuuluu botista, ja se j\u00e4m\u00e4ht\u00e4\u00e4 paikoilleen, vain 10 sentin p\u00e4\u00e4h\u00e4n maalista.<\/p>\n\n\n\n<p id=\"ember679\">Sin\u00e4 ylit\u00e4t viivan ensimm\u00e4isen\u00e4. Nostat k\u00e4det ilmaan, tanssit, tuuletat ja huudat: <em>\u201dInhimillisen ty\u00f6el\u00e4m\u00e4n puolesta!\u201d<\/em><\/p>\n\n\n\n<p id=\"ember680\">Yleis\u00f6 nousee seisomaan ja hurraa villisti. Ihmiset alkavat huutaa rytmikk\u00e4\u00e4sti nime\u00e4si.<\/p>\n\n\n\n<div style=\"height:25px\" aria-hidden=\"true\" class=\"wp-block-spacer\"><\/div>\n\n\n\n<p id=\"ember682\">Marx pitelee krampannutta takareitt\u00e4\u00e4n. H\u00e4n k\u00e4\u00e4ntyy katsomoon p\u00e4in ja julistaa: <em>\u201dEtte koskaan saavuta p\u00e4\u00e4m\u00e4\u00e4r\u00e4\u00e4nne, jos ette itse juokse!\u201d<\/em><\/p>\n\n\n\n<p id=\"ember683\">Zuckerberg ja Gutenberg saapuvat maaliin k\u00e4sikynk\u00e4ss\u00e4.<\/p>\n\n\n\n<p id=\"ember684\">Canth poimii reppuselk\u00e4\u00e4ns\u00e4 matkan varrelle hyytyneet juoksijat ja nostaa botin maaliviivan yli.<\/p>\n\n\n\n<p id=\"ember685\">Platon py\u00f6rii edelleen ympyr\u00e4\u00e4 l\u00e4ht\u00f6viivalla ja nostaa sormensa ilmaan keksinn\u00f6n merkiksi: <em>\u201dEhk\u00e4 kyse ei olekaan siit\u00e4, kuka juoksee nopeimmin, vaan siit\u00e4, kuka ymm\u00e4rt\u00e4\u00e4 miksi ylip\u00e4\u00e4t\u00e4\u00e4n juoksemme.\u201d<\/em><\/p>\n\n\n\n<div style=\"height:25px\" aria-hidden=\"true\" class=\"wp-block-spacer\"><\/div>\n\n\n\n<p id=\"ember687\">Saavut heng\u00e4styneen\u00e4 lehdist\u00f6n haastateltavaksi.<\/p>\n\n\n\n<p id=\"ember688\"><em>\u201dMilt\u00e4 nyt tuntuu?\u201d<\/em> toimittaja kysyy.<\/p>\n\n\n\n<p id=\"ember689\"><em>\u201dHyv\u00e4lt\u00e4.\u201d<\/em><\/p>\n\n\n\n<p id=\"ember690\">Tasaat hengityst\u00e4si hetken.<\/p>\n\n\n\n<p id=\"ember691\"><em>\u201dHaluan kiitt\u00e4\u00e4 kilpakumppaneitani. Ilman teit\u00e4 en olisi t\u00e4n\u00e4\u00e4n t\u00e4ss\u00e4. Maailma muuttuu ja asiat kehittyv\u00e4t. Muutos on elossa olevan yhteiskunnan ominaisuus. Mutta keski\u00f6ss\u00e4 on ihminen! Meill\u00e4 on kykyj\u00e4 ja luovuutta, joita ei voi korvata.<\/em><\/p>\n\n\n\n<p id=\"ember692\"><em>Haluan omistaa voittoni ty\u00f6tovereilleni. Yhdess\u00e4 rakennamme maailmaa, jossa arvostetaan inhimillisyytt\u00e4 ja hyvinvointia. Meill\u00e4 on tilaa ep\u00e4onnistua ja oppia virheist\u00e4mme. Ty\u00f6 ei ole vain suorittamista, vaan my\u00f6s yhdess\u00e4 kasvamista ja yhdess\u00e4 el\u00e4mist\u00e4.\u201d<\/em><\/p>\n\n\n\n<p id=\"ember693\">Yleis\u00f6 villiintyy ja my\u00f6s muut juoksijat osoittavat suosiotaan.<\/p>\n\n\n\n<div style=\"height:65px\" aria-hidden=\"true\" class=\"wp-block-spacer\"><\/div>\n\n\n\n<p><em>T\u00e4m\u00e4 teksti oli lainaus Vakavan s\u00e4hk\u00f6postista. Haluatko lukea lis\u00e4\u00e4 samankaltaisia sis\u00e4lt\u00f6j\u00e4? Liity Vakavan s\u00e4hk\u00f6postilistalle <a href=\"https:\/\/www.tapahtumatehdasvakava.fi\/?page_id=760\">t\u00e4\u00e4lt\u00e4<\/a>.<\/em><\/p>\n\n\n\n<p><\/p>\n","protected":false},"excerpt":{"rendered":"<p>(T\u00e4m\u00e4 teksti on kopioitu Tapahtumatehdas Vakavan s\u00e4hk\u00f6postiviestist\u00e4.) Ilmassa on suuren urheilujuhlan tuntua. Olympialaisten 100 metrin finaali on alkamassa. Juoksijat asettuvat l\u00e4ht\u00f6telineisiins\u00e4. Paikoillanne. Valmiit. PAM Ei voi olla totta, ratarikko heti l\u00e4hd\u00f6ss\u00e4. Karl Marx ampaisee ulkoradalta suoraan vasempaan laitaan. Menness\u00e4\u00e4n h\u00e4n taklaa kumoon Tim Berners-Leen, internetin keksij\u00e4n. \u201dMin\u00e4 sulle vallankumouksen n\u00e4yt\u00e4n!\u201d kiroaa Berners-Lee, tekee kuperkeikan ja&#8230;<\/p>\n","protected":false},"author":1,"featured_media":0,"comment_status":"open","ping_status":"open","sticky":false,"template":"","format":"standard","meta":{"_kadence_starter_templates_imported_post":false,"_kad_post_transparent":"","_kad_post_title":"","_kad_post_layout":"","_kad_post_sidebar_id":"","_kad_post_content_style":"","_kad_post_vertical_padding":"","_kad_post_feature":"","_kad_post_feature_position":"","_kad_post_header":false,"_kad_post_footer":false,"_kad_post_classname":"","iawp_total_views":2,"footnotes":""},"categories":[6],"tags":[15,7,8,9,11],"class_list":["post-1114","post","type-post","status-publish","format-standard","hentry","category-yritystilaisuudet","tag-henkilostotapahtuma","tag-tyhypaiva","tag-tykypaiva","tag-virkistyspaiva","tag-yritystapahtuma"],"yoast_head":"<!-- This site is optimized with the Yoast SEO plugin v27.4 - https:\/\/yoast.com\/product\/yoast-seo-wordpress\/ -->\n<title>Kauan odotettu finaalijuoksu alkaa. \u00c4n. Yy. Tee. - Tapahtumatehdas Vakava<\/title>\n<meta name=\"description\" content=\"Liity Vakavan sis\u00e4piiriin ja vastaanota s\u00e4hk\u00f6postiisi t\u00e4m\u00e4nkaltaisia sis\u00e4lt\u00f6j\u00e4. Lue ja heng\u00e4sty. This is serious!\" \/>\n<meta name=\"robots\" content=\"index, follow, max-snippet:-1, max-image-preview:large, max-video-preview:-1\" \/>\n<link rel=\"canonical\" href=\"https:\/\/www.tapahtumatehdasvakava.fi\/?p=1114\" \/>\n<meta property=\"og:locale\" content=\"fi_FI\" \/>\n<meta property=\"og:type\" content=\"article\" \/>\n<meta property=\"og:title\" content=\"Lue ja heng\u00e4sty\" \/>\n<meta property=\"og:description\" content=\"Liity Vakavan s\u00e4hk\u00f6postilistalle ja vastaanota t\u00e4m\u00e4nkaltaisia viestej\u00e4 s\u00e4hk\u00f6postiisi.\" \/>\n<meta property=\"og:url\" content=\"https:\/\/www.tapahtumatehdasvakava.fi\/?p=1114\" \/>\n<meta property=\"og:site_name\" content=\"Tapahtumatehdas Vakava\" \/>\n<meta property=\"article:publisher\" content=\"https:\/\/www.facebook.com\/profile.php?id=61559919908215\" \/>\n<meta property=\"article:published_time\" content=\"2024-11-18T09:42:05+00:00\" \/>\n<meta property=\"article:modified_time\" content=\"2024-11-18T09:42:20+00:00\" \/>\n<meta name=\"author\" content=\"Vakava\" \/>\n<meta name=\"twitter:card\" content=\"summary_large_image\" \/>\n<meta name=\"twitter:label1\" content=\"Kirjoittanut\" \/>\n\t<meta name=\"twitter:data1\" content=\"Vakava\" \/>\n\t<meta name=\"twitter:label2\" content=\"Arvioitu lukuaika\" \/>\n\t<meta name=\"twitter:data2\" content=\"3 minuuttia\" \/>\n<script type=\"application\/ld+json\" class=\"yoast-schema-graph\">{\"@context\":\"https:\\\/\\\/schema.org\",\"@graph\":[{\"@type\":\"Article\",\"@id\":\"https:\\\/\\\/www.tapahtumatehdasvakava.fi\\\/?p=1114#article\",\"isPartOf\":{\"@id\":\"https:\\\/\\\/www.tapahtumatehdasvakava.fi\\\/?p=1114\"},\"author\":{\"name\":\"Vakava\",\"@id\":\"https:\\\/\\\/www.tapahtumatehdasvakava.fi\\\/#\\\/schema\\\/person\\\/52df2e67d0533904a1f22765db3a400d\"},\"headline\":\"Kauan odotettu finaalijuoksu alkaa. \u00c4n. Yy. Tee.\",\"datePublished\":\"2024-11-18T09:42:05+00:00\",\"dateModified\":\"2024-11-18T09:42:20+00:00\",\"mainEntityOfPage\":{\"@id\":\"https:\\\/\\\/www.tapahtumatehdasvakava.fi\\\/?p=1114\"},\"wordCount\":551,\"commentCount\":0,\"publisher\":{\"@id\":\"https:\\\/\\\/www.tapahtumatehdasvakava.fi\\\/#organization\"},\"keywords\":[\"Henkil\u00f6st\u00f6tapahtuma\",\"Tyhyp\u00e4iv\u00e4\",\"Tykyp\u00e4iv\u00e4\",\"Virkistysp\u00e4iv\u00e4\",\"Yritystapahtuma\"],\"articleSection\":[\"Yritystilaisuudet\"],\"inLanguage\":\"fi\",\"potentialAction\":[{\"@type\":\"CommentAction\",\"name\":\"Comment\",\"target\":[\"https:\\\/\\\/www.tapahtumatehdasvakava.fi\\\/?p=1114#respond\"]}]},{\"@type\":\"WebPage\",\"@id\":\"https:\\\/\\\/www.tapahtumatehdasvakava.fi\\\/?p=1114\",\"url\":\"https:\\\/\\\/www.tapahtumatehdasvakava.fi\\\/?p=1114\",\"name\":\"Kauan odotettu finaalijuoksu alkaa. \u00c4n. Yy. Tee. - Tapahtumatehdas Vakava\",\"isPartOf\":{\"@id\":\"https:\\\/\\\/www.tapahtumatehdasvakava.fi\\\/#website\"},\"datePublished\":\"2024-11-18T09:42:05+00:00\",\"dateModified\":\"2024-11-18T09:42:20+00:00\",\"description\":\"Liity Vakavan sis\u00e4piiriin ja vastaanota s\u00e4hk\u00f6postiisi t\u00e4m\u00e4nkaltaisia sis\u00e4lt\u00f6j\u00e4. Lue ja heng\u00e4sty. This is serious!\",\"breadcrumb\":{\"@id\":\"https:\\\/\\\/www.tapahtumatehdasvakava.fi\\\/?p=1114#breadcrumb\"},\"inLanguage\":\"fi\",\"potentialAction\":[{\"@type\":\"ReadAction\",\"target\":[\"https:\\\/\\\/www.tapahtumatehdasvakava.fi\\\/?p=1114\"]}]},{\"@type\":\"BreadcrumbList\",\"@id\":\"https:\\\/\\\/www.tapahtumatehdasvakava.fi\\\/?p=1114#breadcrumb\",\"itemListElement\":[{\"@type\":\"ListItem\",\"position\":1,\"name\":\"Etusivu\",\"item\":\"https:\\\/\\\/www.tapahtumatehdasvakava.fi\\\/\"},{\"@type\":\"ListItem\",\"position\":2,\"name\":\"Kauan odotettu finaalijuoksu alkaa. \u00c4n. Yy. Tee.\"}]},{\"@type\":\"WebSite\",\"@id\":\"https:\\\/\\\/www.tapahtumatehdasvakava.fi\\\/#website\",\"url\":\"https:\\\/\\\/www.tapahtumatehdasvakava.fi\\\/\",\"name\":\"Tapahtumatehdas Vakava\",\"description\":\"Yritystapahtumat H&ouml;gforsin ruukkialueella Karkkilassa\",\"publisher\":{\"@id\":\"https:\\\/\\\/www.tapahtumatehdasvakava.fi\\\/#organization\"},\"potentialAction\":[{\"@type\":\"SearchAction\",\"target\":{\"@type\":\"EntryPoint\",\"urlTemplate\":\"https:\\\/\\\/www.tapahtumatehdasvakava.fi\\\/?s={search_term_string}\"},\"query-input\":{\"@type\":\"PropertyValueSpecification\",\"valueRequired\":true,\"valueName\":\"search_term_string\"}}],\"inLanguage\":\"fi\"},{\"@type\":\"Organization\",\"@id\":\"https:\\\/\\\/www.tapahtumatehdasvakava.fi\\\/#organization\",\"name\":\"Tapahtumatehdas Vakava\",\"url\":\"https:\\\/\\\/www.tapahtumatehdasvakava.fi\\\/\",\"logo\":{\"@type\":\"ImageObject\",\"inLanguage\":\"fi\",\"@id\":\"https:\\\/\\\/www.tapahtumatehdasvakava.fi\\\/#\\\/schema\\\/logo\\\/image\\\/\",\"url\":\"https:\\\/\\\/www.tapahtumatehdasvakava.fi\\\/wp-content\\\/uploads\\\/2024\\\/04\\\/Vakava-big-blk@2x.png\",\"contentUrl\":\"https:\\\/\\\/www.tapahtumatehdasvakava.fi\\\/wp-content\\\/uploads\\\/2024\\\/04\\\/Vakava-big-blk@2x.png\",\"width\":1090,\"height\":316,\"caption\":\"Tapahtumatehdas Vakava\"},\"image\":{\"@id\":\"https:\\\/\\\/www.tapahtumatehdasvakava.fi\\\/#\\\/schema\\\/logo\\\/image\\\/\"},\"sameAs\":[\"https:\\\/\\\/www.facebook.com\\\/profile.php?id=61559919908215\",\"https:\\\/\\\/www.instagram.com\\\/tapahtumatehdas_vakava\\\/\",\"https:\\\/\\\/www.linkedin.com\\\/company\\\/102408225\"]},{\"@type\":\"Person\",\"@id\":\"https:\\\/\\\/www.tapahtumatehdasvakava.fi\\\/#\\\/schema\\\/person\\\/52df2e67d0533904a1f22765db3a400d\",\"name\":\"Vakava\",\"image\":{\"@type\":\"ImageObject\",\"inLanguage\":\"fi\",\"@id\":\"https:\\\/\\\/secure.gravatar.com\\\/avatar\\\/62f1bfdd4ed31d24fe298f9332dcdee92d4c12c61905a01396ec64057d7fd8fd?s=96&d=mm&r=g\",\"url\":\"https:\\\/\\\/secure.gravatar.com\\\/avatar\\\/62f1bfdd4ed31d24fe298f9332dcdee92d4c12c61905a01396ec64057d7fd8fd?s=96&d=mm&r=g\",\"contentUrl\":\"https:\\\/\\\/secure.gravatar.com\\\/avatar\\\/62f1bfdd4ed31d24fe298f9332dcdee92d4c12c61905a01396ec64057d7fd8fd?s=96&d=mm&r=g\",\"caption\":\"Vakava\"},\"sameAs\":[\"http:\\\/\\\/www.tapahtumatehdasvakava.fi\"],\"url\":\"https:\\\/\\\/www.tapahtumatehdasvakava.fi\\\/?author=1\"}]}<\/script>\n<!-- \/ Yoast SEO plugin. -->","yoast_head_json":{"title":"Kauan odotettu finaalijuoksu alkaa. \u00c4n. Yy. Tee. - Tapahtumatehdas Vakava","description":"Liity Vakavan sis\u00e4piiriin ja vastaanota s\u00e4hk\u00f6postiisi t\u00e4m\u00e4nkaltaisia sis\u00e4lt\u00f6j\u00e4. Lue ja heng\u00e4sty. This is serious!","robots":{"index":"index","follow":"follow","max-snippet":"max-snippet:-1","max-image-preview":"max-image-preview:large","max-video-preview":"max-video-preview:-1"},"canonical":"https:\/\/www.tapahtumatehdasvakava.fi\/?p=1114","og_locale":"fi_FI","og_type":"article","og_title":"Lue ja heng\u00e4sty","og_description":"Liity Vakavan s\u00e4hk\u00f6postilistalle ja vastaanota t\u00e4m\u00e4nkaltaisia viestej\u00e4 s\u00e4hk\u00f6postiisi.","og_url":"https:\/\/www.tapahtumatehdasvakava.fi\/?p=1114","og_site_name":"Tapahtumatehdas Vakava","article_publisher":"https:\/\/www.facebook.com\/profile.php?id=61559919908215","article_published_time":"2024-11-18T09:42:05+00:00","article_modified_time":"2024-11-18T09:42:20+00:00","author":"Vakava","twitter_card":"summary_large_image","twitter_misc":{"Kirjoittanut":"Vakava","Arvioitu lukuaika":"3 minuuttia"},"schema":{"@context":"https:\/\/schema.org","@graph":[{"@type":"Article","@id":"https:\/\/www.tapahtumatehdasvakava.fi\/?p=1114#article","isPartOf":{"@id":"https:\/\/www.tapahtumatehdasvakava.fi\/?p=1114"},"author":{"name":"Vakava","@id":"https:\/\/www.tapahtumatehdasvakava.fi\/#\/schema\/person\/52df2e67d0533904a1f22765db3a400d"},"headline":"Kauan odotettu finaalijuoksu alkaa. \u00c4n. Yy. Tee.","datePublished":"2024-11-18T09:42:05+00:00","dateModified":"2024-11-18T09:42:20+00:00","mainEntityOfPage":{"@id":"https:\/\/www.tapahtumatehdasvakava.fi\/?p=1114"},"wordCount":551,"commentCount":0,"publisher":{"@id":"https:\/\/www.tapahtumatehdasvakava.fi\/#organization"},"keywords":["Henkil\u00f6st\u00f6tapahtuma","Tyhyp\u00e4iv\u00e4","Tykyp\u00e4iv\u00e4","Virkistysp\u00e4iv\u00e4","Yritystapahtuma"],"articleSection":["Yritystilaisuudet"],"inLanguage":"fi","potentialAction":[{"@type":"CommentAction","name":"Comment","target":["https:\/\/www.tapahtumatehdasvakava.fi\/?p=1114#respond"]}]},{"@type":"WebPage","@id":"https:\/\/www.tapahtumatehdasvakava.fi\/?p=1114","url":"https:\/\/www.tapahtumatehdasvakava.fi\/?p=1114","name":"Kauan odotettu finaalijuoksu alkaa. \u00c4n. Yy. Tee. - Tapahtumatehdas Vakava","isPartOf":{"@id":"https:\/\/www.tapahtumatehdasvakava.fi\/#website"},"datePublished":"2024-11-18T09:42:05+00:00","dateModified":"2024-11-18T09:42:20+00:00","description":"Liity Vakavan sis\u00e4piiriin ja vastaanota s\u00e4hk\u00f6postiisi t\u00e4m\u00e4nkaltaisia sis\u00e4lt\u00f6j\u00e4. Lue ja heng\u00e4sty. This is serious!","breadcrumb":{"@id":"https:\/\/www.tapahtumatehdasvakava.fi\/?p=1114#breadcrumb"},"inLanguage":"fi","potentialAction":[{"@type":"ReadAction","target":["https:\/\/www.tapahtumatehdasvakava.fi\/?p=1114"]}]},{"@type":"BreadcrumbList","@id":"https:\/\/www.tapahtumatehdasvakava.fi\/?p=1114#breadcrumb","itemListElement":[{"@type":"ListItem","position":1,"name":"Etusivu","item":"https:\/\/www.tapahtumatehdasvakava.fi\/"},{"@type":"ListItem","position":2,"name":"Kauan odotettu finaalijuoksu alkaa. \u00c4n. Yy. Tee."}]},{"@type":"WebSite","@id":"https:\/\/www.tapahtumatehdasvakava.fi\/#website","url":"https:\/\/www.tapahtumatehdasvakava.fi\/","name":"Tapahtumatehdas Vakava","description":"Yritystapahtumat H&ouml;gforsin ruukkialueella Karkkilassa","publisher":{"@id":"https:\/\/www.tapahtumatehdasvakava.fi\/#organization"},"potentialAction":[{"@type":"SearchAction","target":{"@type":"EntryPoint","urlTemplate":"https:\/\/www.tapahtumatehdasvakava.fi\/?s={search_term_string}"},"query-input":{"@type":"PropertyValueSpecification","valueRequired":true,"valueName":"search_term_string"}}],"inLanguage":"fi"},{"@type":"Organization","@id":"https:\/\/www.tapahtumatehdasvakava.fi\/#organization","name":"Tapahtumatehdas Vakava","url":"https:\/\/www.tapahtumatehdasvakava.fi\/","logo":{"@type":"ImageObject","inLanguage":"fi","@id":"https:\/\/www.tapahtumatehdasvakava.fi\/#\/schema\/logo\/image\/","url":"https:\/\/www.tapahtumatehdasvakava.fi\/wp-content\/uploads\/2024\/04\/Vakava-big-blk@2x.png","contentUrl":"https:\/\/www.tapahtumatehdasvakava.fi\/wp-content\/uploads\/2024\/04\/Vakava-big-blk@2x.png","width":1090,"height":316,"caption":"Tapahtumatehdas Vakava"},"image":{"@id":"https:\/\/www.tapahtumatehdasvakava.fi\/#\/schema\/logo\/image\/"},"sameAs":["https:\/\/www.facebook.com\/profile.php?id=61559919908215","https:\/\/www.instagram.com\/tapahtumatehdas_vakava\/","https:\/\/www.linkedin.com\/company\/102408225"]},{"@type":"Person","@id":"https:\/\/www.tapahtumatehdasvakava.fi\/#\/schema\/person\/52df2e67d0533904a1f22765db3a400d","name":"Vakava","image":{"@type":"ImageObject","inLanguage":"fi","@id":"https:\/\/secure.gravatar.com\/avatar\/62f1bfdd4ed31d24fe298f9332dcdee92d4c12c61905a01396ec64057d7fd8fd?s=96&d=mm&r=g","url":"https:\/\/secure.gravatar.com\/avatar\/62f1bfdd4ed31d24fe298f9332dcdee92d4c12c61905a01396ec64057d7fd8fd?s=96&d=mm&r=g","contentUrl":"https:\/\/secure.gravatar.com\/avatar\/62f1bfdd4ed31d24fe298f9332dcdee92d4c12c61905a01396ec64057d7fd8fd?s=96&d=mm&r=g","caption":"Vakava"},"sameAs":["http:\/\/www.tapahtumatehdasvakava.fi"],"url":"https:\/\/www.tapahtumatehdasvakava.fi\/?author=1"}]}},"_links":{"self":[{"href":"https:\/\/www.tapahtumatehdasvakava.fi\/index.php?rest_route=\/wp\/v2\/posts\/1114","targetHints":{"allow":["GET"]}}],"collection":[{"href":"https:\/\/www.tapahtumatehdasvakava.fi\/index.php?rest_route=\/wp\/v2\/posts"}],"about":[{"href":"https:\/\/www.tapahtumatehdasvakava.fi\/index.php?rest_route=\/wp\/v2\/types\/post"}],"author":[{"embeddable":true,"href":"https:\/\/www.tapahtumatehdasvakava.fi\/index.php?rest_route=\/wp\/v2\/users\/1"}],"replies":[{"embeddable":true,"href":"https:\/\/www.tapahtumatehdasvakava.fi\/index.php?rest_route=%2Fwp%2Fv2%2Fcomments&post=1114"}],"version-history":[{"count":3,"href":"https:\/\/www.tapahtumatehdasvakava.fi\/index.php?rest_route=\/wp\/v2\/posts\/1114\/revisions"}],"predecessor-version":[{"id":1117,"href":"https:\/\/www.tapahtumatehdasvakava.fi\/index.php?rest_route=\/wp\/v2\/posts\/1114\/revisions\/1117"}],"wp:attachment":[{"href":"https:\/\/www.tapahtumatehdasvakava.fi\/index.php?rest_route=%2Fwp%2Fv2%2Fmedia&parent=1114"}],"wp:term":[{"taxonomy":"category","embeddable":true,"href":"https:\/\/www.tapahtumatehdasvakava.fi\/index.php?rest_route=%2Fwp%2Fv2%2Fcategories&post=1114"},{"taxonomy":"post_tag","embeddable":true,"href":"https:\/\/www.tapahtumatehdasvakava.fi\/index.php?rest_route=%2Fwp%2Fv2%2Ftags&post=1114"}],"curies":[{"name":"wp","href":"https:\/\/api.w.org\/{rel}","templated":true}]}}