{"id":1109,"date":"2024-11-15T13:20:17","date_gmt":"2024-11-15T11:20:17","guid":{"rendered":"https:\/\/www.tapahtumatehdasvakava.fi\/?p=1109"},"modified":"2025-03-25T13:15:57","modified_gmt":"2025-03-25T11:15:57","slug":"tyytyvainen-tyontekija-on-elava-mainos","status":"publish","type":"post","link":"https:\/\/www.tapahtumatehdasvakava.fi\/?p=1109","title":{"rendered":"tyytyv\u00e4inen ty\u00f6ntekij\u00e4 on el\u00e4v\u00e4 mainos"},"content":{"rendered":"\n<div style=\"height:25px\" aria-hidden=\"true\" class=\"wp-block-spacer\"><\/div>\n\n\n\n<p>Kuvittele tilanne: olet kahvilassa ja viereisess\u00e4 p\u00f6yd\u00e4ss\u00e4 joku kertoo innoissaan juuri viett\u00e4m\u00e4st\u00e4\u00e4n ty\u00f6paikan henkil\u00f6st\u00f6tapahtumasta. Retkell\u00e4 oli rento meininki ja nauru raikasi.<\/p>\n\n\n\n<p>Kertoja ei ehk\u00e4 tiedosta, ett\u00e4 h\u00e4n juuri mainosti ty\u00f6paikkaansa, t\u00e4ysin ilman ohjeita tai edes tietoista aikomusta. Pyyt\u00e4m\u00e4tt\u00e4 ja yll\u00e4tt\u00e4en.<\/p>\n\n\n\n<div style=\"height:25px\" aria-hidden=\"true\" class=\"wp-block-spacer\"><\/div>\n\n\n\n<h2 class=\"wp-block-heading\">Henkil\u00f6st\u00f6tapahtuma on markkinointitoimenpide<\/h2>\n\n\n\n<p>Yrityksen sis\u00e4inen ilmapiiri heijastuu suoraan ulosp\u00e4in \u2013 ja juuri t\u00e4h\u00e4n ytimeen henkil\u00f6st\u00f6tapahtumat osuvat. Kun ty\u00f6ntekij\u00e4t tuntevat olevansa arvostettuja ja t\u00e4rkeit\u00e4, heist\u00e4 tulee br\u00e4ndin suurl\u00e4hettil\u00e4it\u00e4.<\/p>\n\n\n\n<p>Ty\u00f6ntekij\u00f6iden ei tarvitse tietoisesti &#8221;markkinoida&#8221; ty\u00f6paikkaansa, sill\u00e4 heid\u00e4n tyytyv\u00e4isyytens\u00e4 ja ylpeytens\u00e4 n\u00e4kyv\u00e4t ja kuuluvat tavassa, jolla he puhuvat ty\u00f6paikastaan.<\/p>\n\n\n\n<p>Mit\u00e4 tai miten sinun yrityksesi ty\u00f6ntekij\u00e4t puhuvat ty\u00f6paikastaan, vaikkapa siell\u00e4 kahvilassa yst\u00e4viens\u00e4 kanssa? Mit\u00e4 naapurip\u00f6yd\u00e4ss\u00e4 istuva kuulee? Mill\u00e4 \u00e4\u00e4nens\u00e4vyll\u00e4 tarina kerrotaan?<\/p>\n\n\n\n<div style=\"height:25px\" aria-hidden=\"true\" class=\"wp-block-spacer\"><\/div>\n\n\n\n<h2 class=\"wp-block-heading\">Positiivinen ty\u00f6ilmapiiri vet\u00e4\u00e4 puoleensa huipputekij\u00f6it\u00e4<\/h2>\n\n\n\n<p>Maine hyv\u00e4st\u00e4 ty\u00f6paikasta ei pysy piilossa. Kun ty\u00f6ntekij\u00e4t kokevat olonsa arvostetuksi ja t\u00e4rke\u00e4ksi, t\u00e4m\u00e4 heijastuu my\u00f6s rekrytointiin. Kuka ei haluaisi ty\u00f6skennell\u00e4 yrityksess\u00e4, joka huolehtii henkil\u00f6st\u00f6st\u00e4\u00e4n, tarjoaa iloa ja yhteishenke\u00e4 arjen vastapainoksi?<\/p>\n\n\n\n<p>Henkil\u00f6st\u00f6tapahtumien my\u00f6t\u00e4 syntynyt positiivinen br\u00e4ndimielikuva houkuttelee osaajia, joilla on aidosti kiinnostusta yrityksen arvoja kohtaan \u2013 ja siin\u00e4 kohtaa henkil\u00f6st\u00f6tapahtuman vaikutus ulottuu my\u00f6s tulevaisuuden ty\u00f6ntekij\u00f6ihin.<\/p>\n\n\n\n<div style=\"height:25px\" aria-hidden=\"true\" class=\"wp-block-spacer\"><\/div>\n\n\n\n<h2 class=\"wp-block-heading\">Kun ty\u00f6ntekij\u00e4t voivat hyvin, yritys voi hyvin<\/h2>\n\n\n\n<p>Ty\u00f6ntekij\u00e4t ovat yrityksen syd\u00e4n, ja heid\u00e4n hyvinvointinsa vaikuttaa suoraan kaikkeen: asiakaskohtaamisiin, ty\u00f6n laatuun, tehokkuuteen ja jopa yrityksen maineeseen.<\/p>\n\n\n\n<p>Kun asiakas kohtaa motivoituneen, onnellisen ty\u00f6ntekij\u00e4n, vaikutus on v\u00e4lit\u00f6n. Asiakkaan kokemus yrityksest\u00e4 paranee, ja samalla syntyy positiivinen lumipalloefekti: tyytyv\u00e4inen asiakas palaa ja parhaimmillaan suosittelee palveluja my\u00f6s muille.<\/p>\n\n\n\n<p>Henkil\u00f6st\u00f6tapahtuma ei ole vain yksi yksitt\u00e4inen p\u00e4iv\u00e4 silloin t\u00e4ll\u00f6in tai pelkk\u00e4 kuluer\u00e4. Se on sijoitus ja markkinointitoimenpide, joka rakentaa yrityksen mainetta my\u00f6s pitk\u00e4ll\u00e4 aikav\u00e4lill\u00e4.<\/p>\n","protected":false},"excerpt":{"rendered":"<p>Kuvittele tilanne: olet kahvilassa ja viereisess\u00e4 p\u00f6yd\u00e4ss\u00e4 joku kertoo innoissaan juuri viett\u00e4m\u00e4st\u00e4\u00e4n ty\u00f6paikan henkil\u00f6st\u00f6tapahtumasta. Retkell\u00e4 oli rento meininki ja nauru raikasi. Kertoja ei ehk\u00e4 tiedosta, ett\u00e4 h\u00e4n juuri mainosti ty\u00f6paikkaansa, t\u00e4ysin ilman ohjeita tai edes tietoista aikomusta. Pyyt\u00e4m\u00e4tt\u00e4 ja yll\u00e4tt\u00e4en. Henkil\u00f6st\u00f6tapahtuma on markkinointitoimenpide Yrityksen sis\u00e4inen ilmapiiri heijastuu suoraan ulosp\u00e4in \u2013 ja juuri t\u00e4h\u00e4n ytimeen henkil\u00f6st\u00f6tapahtumat&#8230;<\/p>\n","protected":false},"author":1,"featured_media":0,"comment_status":"open","ping_status":"open","sticky":false,"template":"","format":"standard","meta":{"_kadence_starter_templates_imported_post":false,"_kad_post_transparent":"","_kad_post_title":"","_kad_post_layout":"","_kad_post_sidebar_id":"","_kad_post_content_style":"","_kad_post_vertical_padding":"","_kad_post_feature":"","_kad_post_feature_position":"","_kad_post_header":false,"_kad_post_footer":false,"_kad_post_classname":"","iawp_total_views":4,"footnotes":""},"categories":[5,6],"tags":[15,12,7,8,9,11],"class_list":["post-1109","post","type-post","status-publish","format-standard","hentry","category-virkistyspaivat","category-yritystilaisuudet","tag-henkilostotapahtuma","tag-hogforsinruukki","tag-tyhypaiva","tag-tykypaiva","tag-virkistyspaiva","tag-yritystapahtuma"],"yoast_head":"<!-- This site is optimized with the Yoast SEO plugin v27.4 - https:\/\/yoast.com\/product\/yoast-seo-wordpress\/ -->\n<title>tyytyv\u00e4inen ty\u00f6ntekij\u00e4 on el\u00e4v\u00e4 mainos - Tapahtumatehdas Vakava<\/title>\n<meta name=\"description\" content=\"Henkil\u00f6st\u00f6tapahtuma on my\u00f6s markkinointitoimenpide, sill\u00e4 yrityksen sis\u00e4inen ilmapiiri heijastuu my\u00f6s ulosp\u00e4in.\" \/>\n<meta name=\"robots\" content=\"index, follow, max-snippet:-1, max-image-preview:large, max-video-preview:-1\" \/>\n<link rel=\"canonical\" href=\"https:\/\/www.tapahtumatehdasvakava.fi\/?p=1109\" \/>\n<meta property=\"og:locale\" content=\"fi_FI\" \/>\n<meta property=\"og:type\" content=\"article\" \/>\n<meta property=\"og:title\" content=\"tyytyv\u00e4inen ty\u00f6ntekij\u00e4 on el\u00e4v\u00e4 mainos - Tapahtumatehdas Vakava\" \/>\n<meta property=\"og:description\" content=\"Henkil\u00f6st\u00f6tapahtuma on my\u00f6s markkinointitoimenpide, sill\u00e4 yrityksen sis\u00e4inen ilmapiiri heijastuu my\u00f6s ulosp\u00e4in.\" \/>\n<meta property=\"og:url\" content=\"https:\/\/www.tapahtumatehdasvakava.fi\/?p=1109\" \/>\n<meta property=\"og:site_name\" content=\"Tapahtumatehdas Vakava\" \/>\n<meta property=\"article:publisher\" content=\"https:\/\/www.facebook.com\/profile.php?id=61559919908215\" \/>\n<meta property=\"article:published_time\" content=\"2024-11-15T11:20:17+00:00\" \/>\n<meta property=\"article:modified_time\" content=\"2025-03-25T11:15:57+00:00\" \/>\n<meta name=\"author\" content=\"Vakava\" \/>\n<meta name=\"twitter:card\" content=\"summary_large_image\" \/>\n<meta name=\"twitter:label1\" content=\"Kirjoittanut\" \/>\n\t<meta name=\"twitter:data1\" content=\"Vakava\" \/>\n\t<meta name=\"twitter:label2\" content=\"Arvioitu lukuaika\" \/>\n\t<meta name=\"twitter:data2\" content=\"2 minuuttia\" \/>\n<script type=\"application\/ld+json\" class=\"yoast-schema-graph\">{\"@context\":\"https:\\\/\\\/schema.org\",\"@graph\":[{\"@type\":\"Article\",\"@id\":\"https:\\\/\\\/www.tapahtumatehdasvakava.fi\\\/?p=1109#article\",\"isPartOf\":{\"@id\":\"https:\\\/\\\/www.tapahtumatehdasvakava.fi\\\/?p=1109\"},\"author\":{\"name\":\"Vakava\",\"@id\":\"https:\\\/\\\/www.tapahtumatehdasvakava.fi\\\/#\\\/schema\\\/person\\\/52df2e67d0533904a1f22765db3a400d\"},\"headline\":\"tyytyv\u00e4inen ty\u00f6ntekij\u00e4 on el\u00e4v\u00e4 mainos\",\"datePublished\":\"2024-11-15T11:20:17+00:00\",\"dateModified\":\"2025-03-25T11:15:57+00:00\",\"mainEntityOfPage\":{\"@id\":\"https:\\\/\\\/www.tapahtumatehdasvakava.fi\\\/?p=1109\"},\"wordCount\":338,\"commentCount\":0,\"publisher\":{\"@id\":\"https:\\\/\\\/www.tapahtumatehdasvakava.fi\\\/#organization\"},\"keywords\":[\"Henkil\u00f6st\u00f6tapahtuma\",\"H\u00f6gforsin ruukki\",\"Tyhyp\u00e4iv\u00e4\",\"Tykyp\u00e4iv\u00e4\",\"Virkistysp\u00e4iv\u00e4\",\"Yritystapahtuma\"],\"articleSection\":[\"Virkistysp\u00e4iv\u00e4t\",\"Yritystilaisuudet\"],\"inLanguage\":\"fi\",\"potentialAction\":[{\"@type\":\"CommentAction\",\"name\":\"Comment\",\"target\":[\"https:\\\/\\\/www.tapahtumatehdasvakava.fi\\\/?p=1109#respond\"]}]},{\"@type\":\"WebPage\",\"@id\":\"https:\\\/\\\/www.tapahtumatehdasvakava.fi\\\/?p=1109\",\"url\":\"https:\\\/\\\/www.tapahtumatehdasvakava.fi\\\/?p=1109\",\"name\":\"tyytyv\u00e4inen ty\u00f6ntekij\u00e4 on el\u00e4v\u00e4 mainos - Tapahtumatehdas Vakava\",\"isPartOf\":{\"@id\":\"https:\\\/\\\/www.tapahtumatehdasvakava.fi\\\/#website\"},\"datePublished\":\"2024-11-15T11:20:17+00:00\",\"dateModified\":\"2025-03-25T11:15:57+00:00\",\"description\":\"Henkil\u00f6st\u00f6tapahtuma on my\u00f6s markkinointitoimenpide, sill\u00e4 yrityksen sis\u00e4inen ilmapiiri heijastuu my\u00f6s ulosp\u00e4in.\",\"breadcrumb\":{\"@id\":\"https:\\\/\\\/www.tapahtumatehdasvakava.fi\\\/?p=1109#breadcrumb\"},\"inLanguage\":\"fi\",\"potentialAction\":[{\"@type\":\"ReadAction\",\"target\":[\"https:\\\/\\\/www.tapahtumatehdasvakava.fi\\\/?p=1109\"]}]},{\"@type\":\"BreadcrumbList\",\"@id\":\"https:\\\/\\\/www.tapahtumatehdasvakava.fi\\\/?p=1109#breadcrumb\",\"itemListElement\":[{\"@type\":\"ListItem\",\"position\":1,\"name\":\"Etusivu\",\"item\":\"https:\\\/\\\/www.tapahtumatehdasvakava.fi\\\/\"},{\"@type\":\"ListItem\",\"position\":2,\"name\":\"tyytyv\u00e4inen ty\u00f6ntekij\u00e4 on el\u00e4v\u00e4 mainos\"}]},{\"@type\":\"WebSite\",\"@id\":\"https:\\\/\\\/www.tapahtumatehdasvakava.fi\\\/#website\",\"url\":\"https:\\\/\\\/www.tapahtumatehdasvakava.fi\\\/\",\"name\":\"Tapahtumatehdas Vakava\",\"description\":\"Yritystapahtumat H&ouml;gforsin ruukkialueella Karkkilassa\",\"publisher\":{\"@id\":\"https:\\\/\\\/www.tapahtumatehdasvakava.fi\\\/#organization\"},\"potentialAction\":[{\"@type\":\"SearchAction\",\"target\":{\"@type\":\"EntryPoint\",\"urlTemplate\":\"https:\\\/\\\/www.tapahtumatehdasvakava.fi\\\/?s={search_term_string}\"},\"query-input\":{\"@type\":\"PropertyValueSpecification\",\"valueRequired\":true,\"valueName\":\"search_term_string\"}}],\"inLanguage\":\"fi\"},{\"@type\":\"Organization\",\"@id\":\"https:\\\/\\\/www.tapahtumatehdasvakava.fi\\\/#organization\",\"name\":\"Tapahtumatehdas Vakava\",\"url\":\"https:\\\/\\\/www.tapahtumatehdasvakava.fi\\\/\",\"logo\":{\"@type\":\"ImageObject\",\"inLanguage\":\"fi\",\"@id\":\"https:\\\/\\\/www.tapahtumatehdasvakava.fi\\\/#\\\/schema\\\/logo\\\/image\\\/\",\"url\":\"https:\\\/\\\/www.tapahtumatehdasvakava.fi\\\/wp-content\\\/uploads\\\/2024\\\/04\\\/Vakava-big-blk@2x.png\",\"contentUrl\":\"https:\\\/\\\/www.tapahtumatehdasvakava.fi\\\/wp-content\\\/uploads\\\/2024\\\/04\\\/Vakava-big-blk@2x.png\",\"width\":1090,\"height\":316,\"caption\":\"Tapahtumatehdas Vakava\"},\"image\":{\"@id\":\"https:\\\/\\\/www.tapahtumatehdasvakava.fi\\\/#\\\/schema\\\/logo\\\/image\\\/\"},\"sameAs\":[\"https:\\\/\\\/www.facebook.com\\\/profile.php?id=61559919908215\",\"https:\\\/\\\/www.instagram.com\\\/tapahtumatehdas_vakava\\\/\",\"https:\\\/\\\/www.linkedin.com\\\/company\\\/102408225\"]},{\"@type\":\"Person\",\"@id\":\"https:\\\/\\\/www.tapahtumatehdasvakava.fi\\\/#\\\/schema\\\/person\\\/52df2e67d0533904a1f22765db3a400d\",\"name\":\"Vakava\",\"image\":{\"@type\":\"ImageObject\",\"inLanguage\":\"fi\",\"@id\":\"https:\\\/\\\/secure.gravatar.com\\\/avatar\\\/62f1bfdd4ed31d24fe298f9332dcdee92d4c12c61905a01396ec64057d7fd8fd?s=96&d=mm&r=g\",\"url\":\"https:\\\/\\\/secure.gravatar.com\\\/avatar\\\/62f1bfdd4ed31d24fe298f9332dcdee92d4c12c61905a01396ec64057d7fd8fd?s=96&d=mm&r=g\",\"contentUrl\":\"https:\\\/\\\/secure.gravatar.com\\\/avatar\\\/62f1bfdd4ed31d24fe298f9332dcdee92d4c12c61905a01396ec64057d7fd8fd?s=96&d=mm&r=g\",\"caption\":\"Vakava\"},\"sameAs\":[\"http:\\\/\\\/www.tapahtumatehdasvakava.fi\"],\"url\":\"https:\\\/\\\/www.tapahtumatehdasvakava.fi\\\/?author=1\"}]}<\/script>\n<!-- \/ Yoast SEO plugin. -->","yoast_head_json":{"title":"tyytyv\u00e4inen ty\u00f6ntekij\u00e4 on el\u00e4v\u00e4 mainos - Tapahtumatehdas Vakava","description":"Henkil\u00f6st\u00f6tapahtuma on my\u00f6s markkinointitoimenpide, sill\u00e4 yrityksen sis\u00e4inen ilmapiiri heijastuu my\u00f6s ulosp\u00e4in.","robots":{"index":"index","follow":"follow","max-snippet":"max-snippet:-1","max-image-preview":"max-image-preview:large","max-video-preview":"max-video-preview:-1"},"canonical":"https:\/\/www.tapahtumatehdasvakava.fi\/?p=1109","og_locale":"fi_FI","og_type":"article","og_title":"tyytyv\u00e4inen ty\u00f6ntekij\u00e4 on el\u00e4v\u00e4 mainos - Tapahtumatehdas Vakava","og_description":"Henkil\u00f6st\u00f6tapahtuma on my\u00f6s markkinointitoimenpide, sill\u00e4 yrityksen sis\u00e4inen ilmapiiri heijastuu my\u00f6s ulosp\u00e4in.","og_url":"https:\/\/www.tapahtumatehdasvakava.fi\/?p=1109","og_site_name":"Tapahtumatehdas Vakava","article_publisher":"https:\/\/www.facebook.com\/profile.php?id=61559919908215","article_published_time":"2024-11-15T11:20:17+00:00","article_modified_time":"2025-03-25T11:15:57+00:00","author":"Vakava","twitter_card":"summary_large_image","twitter_misc":{"Kirjoittanut":"Vakava","Arvioitu lukuaika":"2 minuuttia"},"schema":{"@context":"https:\/\/schema.org","@graph":[{"@type":"Article","@id":"https:\/\/www.tapahtumatehdasvakava.fi\/?p=1109#article","isPartOf":{"@id":"https:\/\/www.tapahtumatehdasvakava.fi\/?p=1109"},"author":{"name":"Vakava","@id":"https:\/\/www.tapahtumatehdasvakava.fi\/#\/schema\/person\/52df2e67d0533904a1f22765db3a400d"},"headline":"tyytyv\u00e4inen ty\u00f6ntekij\u00e4 on el\u00e4v\u00e4 mainos","datePublished":"2024-11-15T11:20:17+00:00","dateModified":"2025-03-25T11:15:57+00:00","mainEntityOfPage":{"@id":"https:\/\/www.tapahtumatehdasvakava.fi\/?p=1109"},"wordCount":338,"commentCount":0,"publisher":{"@id":"https:\/\/www.tapahtumatehdasvakava.fi\/#organization"},"keywords":["Henkil\u00f6st\u00f6tapahtuma","H\u00f6gforsin ruukki","Tyhyp\u00e4iv\u00e4","Tykyp\u00e4iv\u00e4","Virkistysp\u00e4iv\u00e4","Yritystapahtuma"],"articleSection":["Virkistysp\u00e4iv\u00e4t","Yritystilaisuudet"],"inLanguage":"fi","potentialAction":[{"@type":"CommentAction","name":"Comment","target":["https:\/\/www.tapahtumatehdasvakava.fi\/?p=1109#respond"]}]},{"@type":"WebPage","@id":"https:\/\/www.tapahtumatehdasvakava.fi\/?p=1109","url":"https:\/\/www.tapahtumatehdasvakava.fi\/?p=1109","name":"tyytyv\u00e4inen ty\u00f6ntekij\u00e4 on el\u00e4v\u00e4 mainos - Tapahtumatehdas Vakava","isPartOf":{"@id":"https:\/\/www.tapahtumatehdasvakava.fi\/#website"},"datePublished":"2024-11-15T11:20:17+00:00","dateModified":"2025-03-25T11:15:57+00:00","description":"Henkil\u00f6st\u00f6tapahtuma on my\u00f6s markkinointitoimenpide, sill\u00e4 yrityksen sis\u00e4inen ilmapiiri heijastuu my\u00f6s ulosp\u00e4in.","breadcrumb":{"@id":"https:\/\/www.tapahtumatehdasvakava.fi\/?p=1109#breadcrumb"},"inLanguage":"fi","potentialAction":[{"@type":"ReadAction","target":["https:\/\/www.tapahtumatehdasvakava.fi\/?p=1109"]}]},{"@type":"BreadcrumbList","@id":"https:\/\/www.tapahtumatehdasvakava.fi\/?p=1109#breadcrumb","itemListElement":[{"@type":"ListItem","position":1,"name":"Etusivu","item":"https:\/\/www.tapahtumatehdasvakava.fi\/"},{"@type":"ListItem","position":2,"name":"tyytyv\u00e4inen ty\u00f6ntekij\u00e4 on el\u00e4v\u00e4 mainos"}]},{"@type":"WebSite","@id":"https:\/\/www.tapahtumatehdasvakava.fi\/#website","url":"https:\/\/www.tapahtumatehdasvakava.fi\/","name":"Tapahtumatehdas Vakava","description":"Yritystapahtumat H&ouml;gforsin ruukkialueella Karkkilassa","publisher":{"@id":"https:\/\/www.tapahtumatehdasvakava.fi\/#organization"},"potentialAction":[{"@type":"SearchAction","target":{"@type":"EntryPoint","urlTemplate":"https:\/\/www.tapahtumatehdasvakava.fi\/?s={search_term_string}"},"query-input":{"@type":"PropertyValueSpecification","valueRequired":true,"valueName":"search_term_string"}}],"inLanguage":"fi"},{"@type":"Organization","@id":"https:\/\/www.tapahtumatehdasvakava.fi\/#organization","name":"Tapahtumatehdas Vakava","url":"https:\/\/www.tapahtumatehdasvakava.fi\/","logo":{"@type":"ImageObject","inLanguage":"fi","@id":"https:\/\/www.tapahtumatehdasvakava.fi\/#\/schema\/logo\/image\/","url":"https:\/\/www.tapahtumatehdasvakava.fi\/wp-content\/uploads\/2024\/04\/Vakava-big-blk@2x.png","contentUrl":"https:\/\/www.tapahtumatehdasvakava.fi\/wp-content\/uploads\/2024\/04\/Vakava-big-blk@2x.png","width":1090,"height":316,"caption":"Tapahtumatehdas Vakava"},"image":{"@id":"https:\/\/www.tapahtumatehdasvakava.fi\/#\/schema\/logo\/image\/"},"sameAs":["https:\/\/www.facebook.com\/profile.php?id=61559919908215","https:\/\/www.instagram.com\/tapahtumatehdas_vakava\/","https:\/\/www.linkedin.com\/company\/102408225"]},{"@type":"Person","@id":"https:\/\/www.tapahtumatehdasvakava.fi\/#\/schema\/person\/52df2e67d0533904a1f22765db3a400d","name":"Vakava","image":{"@type":"ImageObject","inLanguage":"fi","@id":"https:\/\/secure.gravatar.com\/avatar\/62f1bfdd4ed31d24fe298f9332dcdee92d4c12c61905a01396ec64057d7fd8fd?s=96&d=mm&r=g","url":"https:\/\/secure.gravatar.com\/avatar\/62f1bfdd4ed31d24fe298f9332dcdee92d4c12c61905a01396ec64057d7fd8fd?s=96&d=mm&r=g","contentUrl":"https:\/\/secure.gravatar.com\/avatar\/62f1bfdd4ed31d24fe298f9332dcdee92d4c12c61905a01396ec64057d7fd8fd?s=96&d=mm&r=g","caption":"Vakava"},"sameAs":["http:\/\/www.tapahtumatehdasvakava.fi"],"url":"https:\/\/www.tapahtumatehdasvakava.fi\/?author=1"}]}},"_links":{"self":[{"href":"https:\/\/www.tapahtumatehdasvakava.fi\/index.php?rest_route=\/wp\/v2\/posts\/1109","targetHints":{"allow":["GET"]}}],"collection":[{"href":"https:\/\/www.tapahtumatehdasvakava.fi\/index.php?rest_route=\/wp\/v2\/posts"}],"about":[{"href":"https:\/\/www.tapahtumatehdasvakava.fi\/index.php?rest_route=\/wp\/v2\/types\/post"}],"author":[{"embeddable":true,"href":"https:\/\/www.tapahtumatehdasvakava.fi\/index.php?rest_route=\/wp\/v2\/users\/1"}],"replies":[{"embeddable":true,"href":"https:\/\/www.tapahtumatehdasvakava.fi\/index.php?rest_route=%2Fwp%2Fv2%2Fcomments&post=1109"}],"version-history":[{"count":4,"href":"https:\/\/www.tapahtumatehdasvakava.fi\/index.php?rest_route=\/wp\/v2\/posts\/1109\/revisions"}],"predecessor-version":[{"id":1179,"href":"https:\/\/www.tapahtumatehdasvakava.fi\/index.php?rest_route=\/wp\/v2\/posts\/1109\/revisions\/1179"}],"wp:attachment":[{"href":"https:\/\/www.tapahtumatehdasvakava.fi\/index.php?rest_route=%2Fwp%2Fv2%2Fmedia&parent=1109"}],"wp:term":[{"taxonomy":"category","embeddable":true,"href":"https:\/\/www.tapahtumatehdasvakava.fi\/index.php?rest_route=%2Fwp%2Fv2%2Fcategories&post=1109"},{"taxonomy":"post_tag","embeddable":true,"href":"https:\/\/www.tapahtumatehdasvakava.fi\/index.php?rest_route=%2Fwp%2Fv2%2Ftags&post=1109"}],"curies":[{"name":"wp","href":"https:\/\/api.w.org\/{rel}","templated":true}]}}