{"id":1052,"date":"2024-10-02T15:05:34","date_gmt":"2024-10-02T12:05:34","guid":{"rendered":"https:\/\/www.tapahtumatehdasvakava.fi\/?p=1052"},"modified":"2025-03-25T13:16:34","modified_gmt":"2025-03-25T11:16:34","slug":"mita-tehda-tykypaivana-osa-3","status":"publish","type":"post","link":"https:\/\/www.tapahtumatehdasvakava.fi\/?p=1052","title":{"rendered":"Mit\u00e4 tehd\u00e4 tykyp\u00e4iv\u00e4n\u00e4? Osa 3"},"content":{"rendered":"\n<p>Mit\u00e4 jos k\u00e4\u00e4nn\u00e4n kysymyksen muotoon \u201dmiss\u00e4 viett\u00e4\u00e4 tykyp\u00e4iv\u00e4\u201d? Tykyp\u00e4iv\u00e4n ohjelmasis\u00e4lt\u00f6 on t\u00e4rke\u00e4, mutta v\u00e4it\u00e4n, ett\u00e4 my\u00f6s sijainnilla on merkityst\u00e4.<\/p>\n\n\n\n<p>Muotoilen toisin: parhaimmillaan paikka itsess\u00e4\u00e4n voi olla inspiroiva, voimaannuttava ja rikastuttava. T\u00e4m\u00e4 p\u00e4tee lomamatkoihin, mutta yht\u00e4 hyvin henkil\u00f6st\u00f6tapahtumiin. Toisinaan pelkk\u00e4 maisemanvaihdos ja arkiympyr\u00f6ist\u00e4 irtautuminen tuo energiaa, kun kohde on oikein valittu.<\/p>\n\n\n\n<div style=\"height:20px\" aria-hidden=\"true\" class=\"wp-block-spacer\"><\/div>\n\n\n\n<h2 class=\"wp-block-heading\">3 syyt\u00e4 viett\u00e4\u00e4 tykyp\u00e4iv\u00e4 H\u00f6gforsin ruukissa<\/h2>\n\n\n\n<h3 class=\"wp-block-heading\">1. Seesteinen ja rauhallinen sijainti<\/h3>\n\n\n\n<p>H\u00f6gforsin ruukkialue sijaitsee sopivasti sivussa melusta ja ruuhkista. Kirjaimellisesti luonnon keskell\u00e4. Karkkila on pieni paikkakunta ja meno on stressit\u00f6nt\u00e4. T\u00e4\u00e4ll\u00e4 ei istuta liikenneruuhkissa. Karkkila sijaitsee silti lyhyen matkan p\u00e4\u00e4ss\u00e4 esimerkiksi p\u00e4\u00e4kaupunkiseudulta.<\/p>\n\n\n\n<p>Tykyp\u00e4iv\u00e4n ohjelmaan on helppo yhdist\u00e4\u00e4 luontoaktiviteetteja, ilman, ett\u00e4 tarvitsee v\u00e4ltt\u00e4m\u00e4tt\u00e4 edes poistua ruukkialueelta.<\/p>\n\n\n\n<p>Ruukkialue on pieni, intiimi ja tunnelmallinen. Palveluita ei ole suunnattu ainoastaan turisteille, vaan ruukkialue on ennen kaikkea paikallisten olohuone, ja siksi aito ja autenttinen.<\/p>\n\n\n\n<div style=\"height:25px\" aria-hidden=\"true\" class=\"wp-block-spacer\"><\/div>\n\n\n\n<h3 class=\"wp-block-heading\">2. Ruukkialueen rakennuksissa on ainutlaatuinen tunnelma<\/h3>\n\n\n\n<p>H\u00f6gforsin ruukissa sijaitseva <a href=\"https:\/\/alaemali.fi\/\">Ala-Emalin<\/a> kulttuuri- ja liikekeskus on kokemisen arvoinen. Niit\u00e4 paikkoja, jotka n\u00e4ytt\u00e4v\u00e4t kuvissa kivoilta ja paikan p\u00e4\u00e4ll\u00e4 viel\u00e4 paremmilta.<\/p>\n\n\n\n<p>Olen kuullut useamman ihmisen suusta, ett\u00e4 paikan tunnelma on koettava paikan p\u00e4\u00e4ll\u00e4. Vanhaan emalointilaitokseen on rakennettu muun muassa elokuvateatteri, ravintola ja sauna. Vanha punatiilinen tehdasrakennus, jossa on juuri sopivalla tyylitajulla s\u00e4\u00e4stetty ja hy\u00f6dynnetty vanhaa, mutta samalla tehty tilasta t\u00e4m\u00e4n p\u00e4iv\u00e4n tarpeisiin sopiva.<\/p>\n\n\n\n<p>Kuuntele Ala-Emalista kertova podcast <a href=\"https:\/\/areena.yle.fi\/podcastit\/1-68535039\">t\u00e4\u00e4lt\u00e4<\/a>.<\/p>\n\n\n<div class=\"wp-block-image\">\n<figure class=\"alignleft size-large is-resized\"><img loading=\"lazy\" decoding=\"async\" width=\"1024\" height=\"768\" src=\"https:\/\/www.tapahtumatehdasvakava.fi\/wp-content\/uploads\/2024\/10\/rajattu_auto_Still-2024-08-15-110659_1.31.1-1024x768.jpg\" alt=\"Ala-Emalin kulttuuri- ja liikekeskus H\u00f6gforsin ruukkialueella.\" class=\"wp-image-1060\" style=\"width:603px;height:auto\" srcset=\"https:\/\/www.tapahtumatehdasvakava.fi\/wp-content\/uploads\/2024\/10\/rajattu_auto_Still-2024-08-15-110659_1.31.1-1024x768.jpg 1024w, https:\/\/www.tapahtumatehdasvakava.fi\/wp-content\/uploads\/2024\/10\/rajattu_auto_Still-2024-08-15-110659_1.31.1-300x225.jpg 300w, https:\/\/www.tapahtumatehdasvakava.fi\/wp-content\/uploads\/2024\/10\/rajattu_auto_Still-2024-08-15-110659_1.31.1-768x576.jpg 768w, https:\/\/www.tapahtumatehdasvakava.fi\/wp-content\/uploads\/2024\/10\/rajattu_auto_Still-2024-08-15-110659_1.31.1-1536x1152.jpg 1536w, https:\/\/www.tapahtumatehdasvakava.fi\/wp-content\/uploads\/2024\/10\/rajattu_auto_Still-2024-08-15-110659_1.31.1-2048x1535.jpg 2048w\" sizes=\"auto, (max-width: 1024px) 100vw, 1024px\" \/><figcaption class=\"wp-element-caption\">H\u00f6gforsin ruukkialueella autotkin sopivat maisemaan. Kuvassa oikealla Ala-Emalin kulttuuri- ja liikekeskus.<\/figcaption><\/figure>\n<\/div>\n\n\n<div style=\"height:25px\" aria-hidden=\"true\" class=\"wp-block-spacer\"><\/div>\n\n\n\n<h3 class=\"wp-block-heading\">3. Karkkila on kulttuurikaupunki<\/h3>\n\n\n\n<p>Moni kaupunki sanoo n\u00e4in, mutta Karkkila on sit\u00e4! Suhteutettuna siihen, ett\u00e4 Karkkila on vain noin 9&nbsp;000 asukkaan kaupunki, t\u00e4\u00e4ll\u00e4 on paljon ja monipuolista kulttuuritarjontaa ja -harrastusta.<\/p>\n\n\n\n<p>Esimerkiksi:<\/p>\n\n\n\n<p>Karkkila on elokuvakaupunki. Mainitun leffateatterin lis\u00e4ksi t\u00e4\u00e4ll\u00e4 on aktiivinen elokuvakerho, t\u00e4\u00e4ll\u00e4 asuu useampi tunnettu elokuvaohjaaja, ja t\u00e4\u00e4ll\u00e4 on kuvattu monia suomalaisia elokuvia tai niiden kohtauksia.<\/p>\n\n\n\n<p>Karkkila on my\u00f6s harrastajateatterikaupunki. T\u00e4\u00e4ll\u00e4 on kaksi erinomaista teatteriryhm\u00e4\u00e4, jotka onnistuvat vuodesta toiseen toteuttamaan loppuunmyytyj\u00e4 teatteriproduktioita. Lue Ylen juttu aiheesta <a href=\"https:\/\/yle.fi\/a\/74-20097252\">t\u00e4\u00e4lt\u00e4<\/a>.<\/p>\n\n\n\n<p>Karkkilassa j\u00e4rjestet\u00e4\u00e4n kes\u00e4isin ukulele-festivaalia. Katso esim. Ylen <a href=\"https:\/\/areena.yle.fi\/1-50104856\">Egenland-ohjelma<\/a>, jossa vieraillaan festareilla H\u00f6gforsin ruukkialueella ja haastatellaan my\u00f6s tapahtuman kansainv\u00e4lisi\u00e4 esiintyji\u00e4.<\/p>\n\n\n\n<p>Lue sarjan aiemmat artikkelit <a href=\"https:\/\/www.tapahtumatehdasvakava.fi\/?p=824\">t\u00e4\u00e4lt\u00e4<\/a> ja <a href=\"https:\/\/www.tapahtumatehdasvakava.fi\/?p=991\">t\u00e4\u00e4lt\u00e4<\/a>.<\/p>\n\n\n\n<p>Kysy ja kommentoi alle. Mit\u00e4 ajattelet H\u00f6gforsin ruukkialueesta tykyp\u00e4iv\u00e4n viettopaikkana?<\/p>\n","protected":false},"excerpt":{"rendered":"<p>Mit\u00e4 jos k\u00e4\u00e4nn\u00e4n kysymyksen muotoon \u201dmiss\u00e4 viett\u00e4\u00e4 tykyp\u00e4iv\u00e4\u201d? Tykyp\u00e4iv\u00e4n ohjelmasis\u00e4lt\u00f6 on t\u00e4rke\u00e4, mutta v\u00e4it\u00e4n, ett\u00e4 my\u00f6s sijainnilla on merkityst\u00e4. Muotoilen toisin: parhaimmillaan paikka itsess\u00e4\u00e4n voi olla inspiroiva, voimaannuttava ja rikastuttava. T\u00e4m\u00e4 p\u00e4tee lomamatkoihin, mutta yht\u00e4 hyvin henkil\u00f6st\u00f6tapahtumiin. Toisinaan pelkk\u00e4 maisemanvaihdos ja arkiympyr\u00f6ist\u00e4 irtautuminen tuo energiaa, kun kohde on oikein valittu. 3 syyt\u00e4 viett\u00e4\u00e4 tykyp\u00e4iv\u00e4 H\u00f6gforsin&#8230;<\/p>\n","protected":false},"author":1,"featured_media":0,"comment_status":"open","ping_status":"open","sticky":false,"template":"","format":"standard","meta":{"_kadence_starter_templates_imported_post":false,"_kad_post_transparent":"","_kad_post_title":"","_kad_post_layout":"","_kad_post_sidebar_id":"","_kad_post_content_style":"","_kad_post_vertical_padding":"","_kad_post_feature":"","_kad_post_feature_position":"","_kad_post_header":false,"_kad_post_footer":false,"_kad_post_classname":"","iawp_total_views":9,"footnotes":""},"categories":[5],"tags":[15,12,13,7,8,14],"class_list":["post-1052","post","type-post","status-publish","format-standard","hentry","category-virkistyspaivat","tag-henkilostotapahtuma","tag-hogforsinruukki","tag-karkkila","tag-tyhypaiva","tag-tykypaiva","tag-visithogfors"],"yoast_head":"<!-- This site is optimized with the Yoast SEO plugin v27.4 - https:\/\/yoast.com\/product\/yoast-seo-wordpress\/ -->\n<title>Mit\u00e4 tehd\u00e4 tykyp\u00e4iv\u00e4n\u00e4? Osa 3 - Tapahtumatehdas Vakava<\/title>\n<meta name=\"description\" content=\"Kolme syyt\u00e4 viett\u00e4\u00e4 tyky- tai tyhyp\u00e4iv\u00e4 H\u00f6gforsin ruukkialueella Karkkilassa. Joskus pelkk\u00e4 maisemanvaihdos tekee ihmeit\u00e4!\" \/>\n<meta name=\"robots\" content=\"index, follow, max-snippet:-1, max-image-preview:large, max-video-preview:-1\" \/>\n<link rel=\"canonical\" href=\"https:\/\/www.tapahtumatehdasvakava.fi\/?p=1052\" \/>\n<meta property=\"og:locale\" content=\"fi_FI\" \/>\n<meta property=\"og:type\" content=\"article\" \/>\n<meta property=\"og:title\" content=\"3 syyt\u00e4 viett\u00e4\u00e4 tykyp\u00e4iv\u00e4 H\u00f6gforsin ruukissa?\" \/>\n<meta property=\"og:description\" content=\"Kiva ohjelma tyls\u00e4ss\u00e4 paikassa. Tyls\u00e4 ohjelma kivassa paikassa. Vai ehk\u00e4 sittenkin kiva ohjelma kivassa paikassa? Mink\u00e4 sin\u00e4 valitsisit?\" \/>\n<meta property=\"og:url\" content=\"https:\/\/www.tapahtumatehdasvakava.fi\/?p=1052\" \/>\n<meta property=\"og:site_name\" content=\"Tapahtumatehdas Vakava\" \/>\n<meta property=\"article:publisher\" content=\"https:\/\/www.facebook.com\/profile.php?id=61559919908215\" \/>\n<meta property=\"article:published_time\" content=\"2024-10-02T12:05:34+00:00\" \/>\n<meta property=\"article:modified_time\" content=\"2025-03-25T11:16:34+00:00\" \/>\n<meta property=\"og:image\" content=\"https:\/\/www.tapahtumatehdasvakava.fi\/wp-content\/uploads\/2024\/10\/rajattu_auto_Still-2024-08-15-110659_1.31.1-scaled.jpg\" \/>\n\t<meta property=\"og:image:width\" content=\"2560\" \/>\n\t<meta property=\"og:image:height\" content=\"1919\" \/>\n\t<meta property=\"og:image:type\" content=\"image\/jpeg\" \/>\n<meta name=\"author\" content=\"Vakava\" \/>\n<meta name=\"twitter:card\" content=\"summary_large_image\" \/>\n<meta name=\"twitter:label1\" content=\"Kirjoittanut\" \/>\n\t<meta name=\"twitter:data1\" content=\"Vakava\" \/>\n\t<meta name=\"twitter:label2\" content=\"Arvioitu lukuaika\" \/>\n\t<meta name=\"twitter:data2\" content=\"3 minuuttia\" \/>\n<script type=\"application\/ld+json\" class=\"yoast-schema-graph\">{\"@context\":\"https:\\\/\\\/schema.org\",\"@graph\":[{\"@type\":\"Article\",\"@id\":\"https:\\\/\\\/www.tapahtumatehdasvakava.fi\\\/?p=1052#article\",\"isPartOf\":{\"@id\":\"https:\\\/\\\/www.tapahtumatehdasvakava.fi\\\/?p=1052\"},\"author\":{\"name\":\"Vakava\",\"@id\":\"https:\\\/\\\/www.tapahtumatehdasvakava.fi\\\/#\\\/schema\\\/person\\\/52df2e67d0533904a1f22765db3a400d\"},\"headline\":\"Mit\u00e4 tehd\u00e4 tykyp\u00e4iv\u00e4n\u00e4? Osa 3\",\"datePublished\":\"2024-10-02T12:05:34+00:00\",\"dateModified\":\"2025-03-25T11:16:34+00:00\",\"mainEntityOfPage\":{\"@id\":\"https:\\\/\\\/www.tapahtumatehdasvakava.fi\\\/?p=1052\"},\"wordCount\":391,\"commentCount\":0,\"publisher\":{\"@id\":\"https:\\\/\\\/www.tapahtumatehdasvakava.fi\\\/#organization\"},\"image\":{\"@id\":\"https:\\\/\\\/www.tapahtumatehdasvakava.fi\\\/?p=1052#primaryimage\"},\"thumbnailUrl\":\"http:\\\/\\\/www.tapahtumatehdasvakava.fi\\\/wp-content\\\/uploads\\\/2024\\\/10\\\/rajattu_auto_Still-2024-08-15-110659_1.31.1-1024x768.jpg\",\"keywords\":[\"Henkil\u00f6st\u00f6tapahtuma\",\"H\u00f6gforsin ruukki\",\"Karkkila\",\"Tyhyp\u00e4iv\u00e4\",\"Tykyp\u00e4iv\u00e4\",\"Visit H\u00f6gfors\"],\"articleSection\":[\"Virkistysp\u00e4iv\u00e4t\"],\"inLanguage\":\"fi\",\"potentialAction\":[{\"@type\":\"CommentAction\",\"name\":\"Comment\",\"target\":[\"https:\\\/\\\/www.tapahtumatehdasvakava.fi\\\/?p=1052#respond\"]}]},{\"@type\":\"WebPage\",\"@id\":\"https:\\\/\\\/www.tapahtumatehdasvakava.fi\\\/?p=1052\",\"url\":\"https:\\\/\\\/www.tapahtumatehdasvakava.fi\\\/?p=1052\",\"name\":\"Mit\u00e4 tehd\u00e4 tykyp\u00e4iv\u00e4n\u00e4? Osa 3 - Tapahtumatehdas Vakava\",\"isPartOf\":{\"@id\":\"https:\\\/\\\/www.tapahtumatehdasvakava.fi\\\/#website\"},\"primaryImageOfPage\":{\"@id\":\"https:\\\/\\\/www.tapahtumatehdasvakava.fi\\\/?p=1052#primaryimage\"},\"image\":{\"@id\":\"https:\\\/\\\/www.tapahtumatehdasvakava.fi\\\/?p=1052#primaryimage\"},\"thumbnailUrl\":\"http:\\\/\\\/www.tapahtumatehdasvakava.fi\\\/wp-content\\\/uploads\\\/2024\\\/10\\\/rajattu_auto_Still-2024-08-15-110659_1.31.1-1024x768.jpg\",\"datePublished\":\"2024-10-02T12:05:34+00:00\",\"dateModified\":\"2025-03-25T11:16:34+00:00\",\"description\":\"Kolme syyt\u00e4 viett\u00e4\u00e4 tyky- tai tyhyp\u00e4iv\u00e4 H\u00f6gforsin ruukkialueella Karkkilassa. Joskus pelkk\u00e4 maisemanvaihdos tekee ihmeit\u00e4!\",\"breadcrumb\":{\"@id\":\"https:\\\/\\\/www.tapahtumatehdasvakava.fi\\\/?p=1052#breadcrumb\"},\"inLanguage\":\"fi\",\"potentialAction\":[{\"@type\":\"ReadAction\",\"target\":[\"https:\\\/\\\/www.tapahtumatehdasvakava.fi\\\/?p=1052\"]}]},{\"@type\":\"ImageObject\",\"inLanguage\":\"fi\",\"@id\":\"https:\\\/\\\/www.tapahtumatehdasvakava.fi\\\/?p=1052#primaryimage\",\"url\":\"https:\\\/\\\/www.tapahtumatehdasvakava.fi\\\/wp-content\\\/uploads\\\/2024\\\/10\\\/rajattu_auto_Still-2024-08-15-110659_1.31.1-scaled.jpg\",\"contentUrl\":\"https:\\\/\\\/www.tapahtumatehdasvakava.fi\\\/wp-content\\\/uploads\\\/2024\\\/10\\\/rajattu_auto_Still-2024-08-15-110659_1.31.1-scaled.jpg\",\"width\":2560,\"height\":1919},{\"@type\":\"BreadcrumbList\",\"@id\":\"https:\\\/\\\/www.tapahtumatehdasvakava.fi\\\/?p=1052#breadcrumb\",\"itemListElement\":[{\"@type\":\"ListItem\",\"position\":1,\"name\":\"Etusivu\",\"item\":\"https:\\\/\\\/www.tapahtumatehdasvakava.fi\\\/\"},{\"@type\":\"ListItem\",\"position\":2,\"name\":\"Mit\u00e4 tehd\u00e4 tykyp\u00e4iv\u00e4n\u00e4? Osa 3\"}]},{\"@type\":\"WebSite\",\"@id\":\"https:\\\/\\\/www.tapahtumatehdasvakava.fi\\\/#website\",\"url\":\"https:\\\/\\\/www.tapahtumatehdasvakava.fi\\\/\",\"name\":\"Tapahtumatehdas Vakava\",\"description\":\"Yritystapahtumat H&ouml;gforsin ruukkialueella Karkkilassa\",\"publisher\":{\"@id\":\"https:\\\/\\\/www.tapahtumatehdasvakava.fi\\\/#organization\"},\"potentialAction\":[{\"@type\":\"SearchAction\",\"target\":{\"@type\":\"EntryPoint\",\"urlTemplate\":\"https:\\\/\\\/www.tapahtumatehdasvakava.fi\\\/?s={search_term_string}\"},\"query-input\":{\"@type\":\"PropertyValueSpecification\",\"valueRequired\":true,\"valueName\":\"search_term_string\"}}],\"inLanguage\":\"fi\"},{\"@type\":\"Organization\",\"@id\":\"https:\\\/\\\/www.tapahtumatehdasvakava.fi\\\/#organization\",\"name\":\"Tapahtumatehdas Vakava\",\"url\":\"https:\\\/\\\/www.tapahtumatehdasvakava.fi\\\/\",\"logo\":{\"@type\":\"ImageObject\",\"inLanguage\":\"fi\",\"@id\":\"https:\\\/\\\/www.tapahtumatehdasvakava.fi\\\/#\\\/schema\\\/logo\\\/image\\\/\",\"url\":\"https:\\\/\\\/www.tapahtumatehdasvakava.fi\\\/wp-content\\\/uploads\\\/2024\\\/04\\\/Vakava-big-blk@2x.png\",\"contentUrl\":\"https:\\\/\\\/www.tapahtumatehdasvakava.fi\\\/wp-content\\\/uploads\\\/2024\\\/04\\\/Vakava-big-blk@2x.png\",\"width\":1090,\"height\":316,\"caption\":\"Tapahtumatehdas Vakava\"},\"image\":{\"@id\":\"https:\\\/\\\/www.tapahtumatehdasvakava.fi\\\/#\\\/schema\\\/logo\\\/image\\\/\"},\"sameAs\":[\"https:\\\/\\\/www.facebook.com\\\/profile.php?id=61559919908215\",\"https:\\\/\\\/www.instagram.com\\\/tapahtumatehdas_vakava\\\/\",\"https:\\\/\\\/www.linkedin.com\\\/company\\\/102408225\"]},{\"@type\":\"Person\",\"@id\":\"https:\\\/\\\/www.tapahtumatehdasvakava.fi\\\/#\\\/schema\\\/person\\\/52df2e67d0533904a1f22765db3a400d\",\"name\":\"Vakava\",\"image\":{\"@type\":\"ImageObject\",\"inLanguage\":\"fi\",\"@id\":\"https:\\\/\\\/secure.gravatar.com\\\/avatar\\\/62f1bfdd4ed31d24fe298f9332dcdee92d4c12c61905a01396ec64057d7fd8fd?s=96&d=mm&r=g\",\"url\":\"https:\\\/\\\/secure.gravatar.com\\\/avatar\\\/62f1bfdd4ed31d24fe298f9332dcdee92d4c12c61905a01396ec64057d7fd8fd?s=96&d=mm&r=g\",\"contentUrl\":\"https:\\\/\\\/secure.gravatar.com\\\/avatar\\\/62f1bfdd4ed31d24fe298f9332dcdee92d4c12c61905a01396ec64057d7fd8fd?s=96&d=mm&r=g\",\"caption\":\"Vakava\"},\"sameAs\":[\"http:\\\/\\\/www.tapahtumatehdasvakava.fi\"],\"url\":\"https:\\\/\\\/www.tapahtumatehdasvakava.fi\\\/?author=1\"}]}<\/script>\n<!-- \/ Yoast SEO plugin. -->","yoast_head_json":{"title":"Mit\u00e4 tehd\u00e4 tykyp\u00e4iv\u00e4n\u00e4? Osa 3 - Tapahtumatehdas Vakava","description":"Kolme syyt\u00e4 viett\u00e4\u00e4 tyky- tai tyhyp\u00e4iv\u00e4 H\u00f6gforsin ruukkialueella Karkkilassa. Joskus pelkk\u00e4 maisemanvaihdos tekee ihmeit\u00e4!","robots":{"index":"index","follow":"follow","max-snippet":"max-snippet:-1","max-image-preview":"max-image-preview:large","max-video-preview":"max-video-preview:-1"},"canonical":"https:\/\/www.tapahtumatehdasvakava.fi\/?p=1052","og_locale":"fi_FI","og_type":"article","og_title":"3 syyt\u00e4 viett\u00e4\u00e4 tykyp\u00e4iv\u00e4 H\u00f6gforsin ruukissa?","og_description":"Kiva ohjelma tyls\u00e4ss\u00e4 paikassa. Tyls\u00e4 ohjelma kivassa paikassa. Vai ehk\u00e4 sittenkin kiva ohjelma kivassa paikassa? Mink\u00e4 sin\u00e4 valitsisit?","og_url":"https:\/\/www.tapahtumatehdasvakava.fi\/?p=1052","og_site_name":"Tapahtumatehdas Vakava","article_publisher":"https:\/\/www.facebook.com\/profile.php?id=61559919908215","article_published_time":"2024-10-02T12:05:34+00:00","article_modified_time":"2025-03-25T11:16:34+00:00","og_image":[{"width":2560,"height":1919,"url":"https:\/\/www.tapahtumatehdasvakava.fi\/wp-content\/uploads\/2024\/10\/rajattu_auto_Still-2024-08-15-110659_1.31.1-scaled.jpg","type":"image\/jpeg"}],"author":"Vakava","twitter_card":"summary_large_image","twitter_misc":{"Kirjoittanut":"Vakava","Arvioitu lukuaika":"3 minuuttia"},"schema":{"@context":"https:\/\/schema.org","@graph":[{"@type":"Article","@id":"https:\/\/www.tapahtumatehdasvakava.fi\/?p=1052#article","isPartOf":{"@id":"https:\/\/www.tapahtumatehdasvakava.fi\/?p=1052"},"author":{"name":"Vakava","@id":"https:\/\/www.tapahtumatehdasvakava.fi\/#\/schema\/person\/52df2e67d0533904a1f22765db3a400d"},"headline":"Mit\u00e4 tehd\u00e4 tykyp\u00e4iv\u00e4n\u00e4? Osa 3","datePublished":"2024-10-02T12:05:34+00:00","dateModified":"2025-03-25T11:16:34+00:00","mainEntityOfPage":{"@id":"https:\/\/www.tapahtumatehdasvakava.fi\/?p=1052"},"wordCount":391,"commentCount":0,"publisher":{"@id":"https:\/\/www.tapahtumatehdasvakava.fi\/#organization"},"image":{"@id":"https:\/\/www.tapahtumatehdasvakava.fi\/?p=1052#primaryimage"},"thumbnailUrl":"http:\/\/www.tapahtumatehdasvakava.fi\/wp-content\/uploads\/2024\/10\/rajattu_auto_Still-2024-08-15-110659_1.31.1-1024x768.jpg","keywords":["Henkil\u00f6st\u00f6tapahtuma","H\u00f6gforsin ruukki","Karkkila","Tyhyp\u00e4iv\u00e4","Tykyp\u00e4iv\u00e4","Visit H\u00f6gfors"],"articleSection":["Virkistysp\u00e4iv\u00e4t"],"inLanguage":"fi","potentialAction":[{"@type":"CommentAction","name":"Comment","target":["https:\/\/www.tapahtumatehdasvakava.fi\/?p=1052#respond"]}]},{"@type":"WebPage","@id":"https:\/\/www.tapahtumatehdasvakava.fi\/?p=1052","url":"https:\/\/www.tapahtumatehdasvakava.fi\/?p=1052","name":"Mit\u00e4 tehd\u00e4 tykyp\u00e4iv\u00e4n\u00e4? Osa 3 - Tapahtumatehdas Vakava","isPartOf":{"@id":"https:\/\/www.tapahtumatehdasvakava.fi\/#website"},"primaryImageOfPage":{"@id":"https:\/\/www.tapahtumatehdasvakava.fi\/?p=1052#primaryimage"},"image":{"@id":"https:\/\/www.tapahtumatehdasvakava.fi\/?p=1052#primaryimage"},"thumbnailUrl":"http:\/\/www.tapahtumatehdasvakava.fi\/wp-content\/uploads\/2024\/10\/rajattu_auto_Still-2024-08-15-110659_1.31.1-1024x768.jpg","datePublished":"2024-10-02T12:05:34+00:00","dateModified":"2025-03-25T11:16:34+00:00","description":"Kolme syyt\u00e4 viett\u00e4\u00e4 tyky- tai tyhyp\u00e4iv\u00e4 H\u00f6gforsin ruukkialueella Karkkilassa. Joskus pelkk\u00e4 maisemanvaihdos tekee ihmeit\u00e4!","breadcrumb":{"@id":"https:\/\/www.tapahtumatehdasvakava.fi\/?p=1052#breadcrumb"},"inLanguage":"fi","potentialAction":[{"@type":"ReadAction","target":["https:\/\/www.tapahtumatehdasvakava.fi\/?p=1052"]}]},{"@type":"ImageObject","inLanguage":"fi","@id":"https:\/\/www.tapahtumatehdasvakava.fi\/?p=1052#primaryimage","url":"https:\/\/www.tapahtumatehdasvakava.fi\/wp-content\/uploads\/2024\/10\/rajattu_auto_Still-2024-08-15-110659_1.31.1-scaled.jpg","contentUrl":"https:\/\/www.tapahtumatehdasvakava.fi\/wp-content\/uploads\/2024\/10\/rajattu_auto_Still-2024-08-15-110659_1.31.1-scaled.jpg","width":2560,"height":1919},{"@type":"BreadcrumbList","@id":"https:\/\/www.tapahtumatehdasvakava.fi\/?p=1052#breadcrumb","itemListElement":[{"@type":"ListItem","position":1,"name":"Etusivu","item":"https:\/\/www.tapahtumatehdasvakava.fi\/"},{"@type":"ListItem","position":2,"name":"Mit\u00e4 tehd\u00e4 tykyp\u00e4iv\u00e4n\u00e4? Osa 3"}]},{"@type":"WebSite","@id":"https:\/\/www.tapahtumatehdasvakava.fi\/#website","url":"https:\/\/www.tapahtumatehdasvakava.fi\/","name":"Tapahtumatehdas Vakava","description":"Yritystapahtumat H&ouml;gforsin ruukkialueella Karkkilassa","publisher":{"@id":"https:\/\/www.tapahtumatehdasvakava.fi\/#organization"},"potentialAction":[{"@type":"SearchAction","target":{"@type":"EntryPoint","urlTemplate":"https:\/\/www.tapahtumatehdasvakava.fi\/?s={search_term_string}"},"query-input":{"@type":"PropertyValueSpecification","valueRequired":true,"valueName":"search_term_string"}}],"inLanguage":"fi"},{"@type":"Organization","@id":"https:\/\/www.tapahtumatehdasvakava.fi\/#organization","name":"Tapahtumatehdas Vakava","url":"https:\/\/www.tapahtumatehdasvakava.fi\/","logo":{"@type":"ImageObject","inLanguage":"fi","@id":"https:\/\/www.tapahtumatehdasvakava.fi\/#\/schema\/logo\/image\/","url":"https:\/\/www.tapahtumatehdasvakava.fi\/wp-content\/uploads\/2024\/04\/Vakava-big-blk@2x.png","contentUrl":"https:\/\/www.tapahtumatehdasvakava.fi\/wp-content\/uploads\/2024\/04\/Vakava-big-blk@2x.png","width":1090,"height":316,"caption":"Tapahtumatehdas Vakava"},"image":{"@id":"https:\/\/www.tapahtumatehdasvakava.fi\/#\/schema\/logo\/image\/"},"sameAs":["https:\/\/www.facebook.com\/profile.php?id=61559919908215","https:\/\/www.instagram.com\/tapahtumatehdas_vakava\/","https:\/\/www.linkedin.com\/company\/102408225"]},{"@type":"Person","@id":"https:\/\/www.tapahtumatehdasvakava.fi\/#\/schema\/person\/52df2e67d0533904a1f22765db3a400d","name":"Vakava","image":{"@type":"ImageObject","inLanguage":"fi","@id":"https:\/\/secure.gravatar.com\/avatar\/62f1bfdd4ed31d24fe298f9332dcdee92d4c12c61905a01396ec64057d7fd8fd?s=96&d=mm&r=g","url":"https:\/\/secure.gravatar.com\/avatar\/62f1bfdd4ed31d24fe298f9332dcdee92d4c12c61905a01396ec64057d7fd8fd?s=96&d=mm&r=g","contentUrl":"https:\/\/secure.gravatar.com\/avatar\/62f1bfdd4ed31d24fe298f9332dcdee92d4c12c61905a01396ec64057d7fd8fd?s=96&d=mm&r=g","caption":"Vakava"},"sameAs":["http:\/\/www.tapahtumatehdasvakava.fi"],"url":"https:\/\/www.tapahtumatehdasvakava.fi\/?author=1"}]}},"_links":{"self":[{"href":"https:\/\/www.tapahtumatehdasvakava.fi\/index.php?rest_route=\/wp\/v2\/posts\/1052","targetHints":{"allow":["GET"]}}],"collection":[{"href":"https:\/\/www.tapahtumatehdasvakava.fi\/index.php?rest_route=\/wp\/v2\/posts"}],"about":[{"href":"https:\/\/www.tapahtumatehdasvakava.fi\/index.php?rest_route=\/wp\/v2\/types\/post"}],"author":[{"embeddable":true,"href":"https:\/\/www.tapahtumatehdasvakava.fi\/index.php?rest_route=\/wp\/v2\/users\/1"}],"replies":[{"embeddable":true,"href":"https:\/\/www.tapahtumatehdasvakava.fi\/index.php?rest_route=%2Fwp%2Fv2%2Fcomments&post=1052"}],"version-history":[{"count":12,"href":"https:\/\/www.tapahtumatehdasvakava.fi\/index.php?rest_route=\/wp\/v2\/posts\/1052\/revisions"}],"predecessor-version":[{"id":1180,"href":"https:\/\/www.tapahtumatehdasvakava.fi\/index.php?rest_route=\/wp\/v2\/posts\/1052\/revisions\/1180"}],"wp:attachment":[{"href":"https:\/\/www.tapahtumatehdasvakava.fi\/index.php?rest_route=%2Fwp%2Fv2%2Fmedia&parent=1052"}],"wp:term":[{"taxonomy":"category","embeddable":true,"href":"https:\/\/www.tapahtumatehdasvakava.fi\/index.php?rest_route=%2Fwp%2Fv2%2Fcategories&post=1052"},{"taxonomy":"post_tag","embeddable":true,"href":"https:\/\/www.tapahtumatehdasvakava.fi\/index.php?rest_route=%2Fwp%2Fv2%2Ftags&post=1052"}],"curies":[{"name":"wp","href":"https:\/\/api.w.org\/{rel}","templated":true}]}}